{"id":10062,"date":"2018-09-19T19:57:32","date_gmt":"2018-09-19T17:57:32","guid":{"rendered":"http:\/\/www.blog.sztateszt.7digits.net\/?post_type=blog&amp;p=10062"},"modified":"2018-09-19T19:57:32","modified_gmt":"2018-09-19T17:57:32","slug":"harmadszor-is-bet50-a-kozepvallalatok-csucstalalkozoja","status":"publish","type":"blog","link":"https:\/\/www.szta.hu\/en\/blog\/harmadszor-is-bet50-a-kozepvallalatok-csucstalalkozoja\/","title":{"rendered":"B\u00c9T50 \u2013 A K\u00d6Z\u00c9PV\u00c1LLALATOK CS\u00daCSTAL\u00c1LKOZ\u00d3JA"},"content":{"rendered":"<p><strong><img fetchpriority=\"high\" decoding=\"async\" class=\"alignleft size-medium wp-image-10102\" src=\"https:\/\/szta.hu\/wp-content\/uploads\/2018\/09\/bet50-1-300x217.jpg\" alt=\"\" width=\"300\" height=\"217\" \/>Id\u00e9n m\u00e1r harmadik alkalommal rendezi meg a B\u00c9T50 konferenci\u00e1t a Budapesti \u00c9rt\u00e9kt\u0151zsde. A k\u00f6z\u00e9pv\u00e1llalatok n\u00f6veked\u00e9s\u00e9t f\u00f3kuszba helyez\u0151 rendezv\u00e9nyen a r\u00e9sztvev\u0151k a gazdas\u00e1gpolitikai ir\u00e1nyokr\u00f3l, a n\u00f6veked\u00e9ssel egy\u00fctt j\u00e1r\u00f3 p\u00e9nz\u00fcgyi, jogi \u00e9s marketingkommunik\u00e1ci\u00f3s kih\u00edv\u00e1sokr\u00f3l egyar\u00e1nt t\u00e1j\u00e9koz\u00f3dhatnak, mik\u00f6zben megismerhetik 50 hazai v\u00e1llalat sikersztorijait is. A Sz\u00e9chenyi T\u0151kealap-kezel\u0151 Zrt. is ott lesz, a Nemzeti T\u0151zsdefejleszt\u00e9si Alapr\u00f3l szint\u00e9n lehet majd hallani, de n\u00e9zz\u00fck, pontosan mire sz\u00e1m\u00edthatunk!<\/strong><\/p>\n<p>A Budapesti \u00c9rt\u00e9kt\u0151zsde szeptember 20-ai, k\u00f6z\u00e9pv\u00e1llalati vezet\u0151knek sz\u00f3l\u00f3 B\u00c9T50 rendezv\u00e9ny\u00e9n a t\u0151zsd\u00e9re l\u00e9p\u00e9s mellett a k\u00fclf\u00f6ldi terjeszked\u00e9sr\u0151l, a professzion\u00e1lis bels\u0151 m\u0171k\u00f6d\u00e9sr\u0151l, v\u00e1llalkoz\u00e1sfejleszt\u00e9sr\u0151l, illetve a n\u00f6veked\u00e9shez sz\u00fcks\u00e9ges t\u0151kebevon\u00e1sr\u00f3l is sz\u00f3 lesz.<\/p>\n<p>A konferencia keret\u00e9ben bemutat\u00e1sra ker\u00fcl a harmadik B\u00c9T50 kiadv\u00e1ny is, amely olyan sikeres Magyarorsz\u00e1gon m\u0171k\u00f6d\u0151 \u00e9s magyar tulajdon\u00fa vagy k\u00f6t\u0151d\u00e9s\u0171 v\u00e1llalatok t\u00f6rt\u00e9neteit mutatja be, amelyek hossz\u00fat\u00e1von fenntarthat\u00f3 piaci poz\u00edci\u00f3ra tettek szert, illetve saj\u00e1t ter\u00fclet\u00fck\u00f6n m\u00e1r bizony\u00edtottak.<img decoding=\"async\" class=\"alignleft size-large wp-image-10112\" src=\"https:\/\/szta.hu\/wp-content\/uploads\/2018\/09\/bet50-2-1024x681.jpg\" alt=\"\" width=\"1024\" height=\"681\" \/><\/p>\n<p>&nbsp;<\/p>\n<p>Az esem\u00e9ny remek networking lehet\u0151s\u00e9get jelent, ott lesznek t\u0151zsdei c\u00e9gek vezet\u0151i, a 2016-os, 2017-es \u00e9s az ott bemutat\u00e1sra ker\u00fcl\u0151 2018-as kiadv\u00e1nyokban szerepl\u0151, \u00f6sszesen teh\u00e1t 150 magyar k\u00f6z\u00e9pv\u00e1llalat tulajdonosai, c\u00e9gvezet\u0151i, k\u00fclf\u00f6ldi el\u0151ad\u00f3k, hazai kereskedelmi bankok, br\u00f3kerc\u00e9gek, p\u00e9nz\u00fcgyi \u00e9s ad\u00f3tan\u00e1csad\u00f3 c\u00e9gek vezet\u0151i, illetve szenior munkat\u00e1rsai.<\/p>\n<p>Workshopok keret\u00e9ben a t\u0151zsdei megjelen\u00e9st tervez\u0151 c\u00e9gek megismerkedhetnek a k\u00fcl\u00f6nb\u00f6z\u0151 rendelkez\u00e9s\u00fckre \u00e1ll\u00f3 lehet\u0151s\u00e9gekkel, amelyek seg\u00edtik a felk\u00e9sz\u00fcl\u00e9st \u00e9s a megjelen\u00e9st.\u00a0 Ilyen p\u00e9ld\u00e1ul a B\u00c9T Xtend piac \u00e9s az ELITE Program, illetve a Sz\u00e9chenyi T\u0151kealap-kezel\u0151 Zrt. t\u0151kealapja, a Nemzeti T\u0151zsdefejleszt\u00e9si Alap is.<\/p>\n<p>Az NTfA t\u0151kebefektet\u00e9sek megval\u00f3s\u00edt\u00e1sa r\u00e9v\u00e9n t\u00e1mogatja a k\u00f6z\u00e9pv\u00e1llalatok t\u0151kepiaci megjelen\u00e9s\u00e9t,\u00a0els\u0151dleges feladata a hazai k\u00f6z\u00e9pv\u00e1llalkoz\u00e1sok meger\u0151s\u00edt\u00e9se \u00e9s a t\u0151zsdei megjelen\u00e9s\u00fcket el\u0151seg\u00edt\u0151 t\u0151kebefektet\u00e9sek megval\u00f3s\u00edt\u00e1sa. Az Alapr\u00f3l, illetve a Sz\u00e9chenyi T\u0151kealap-kezel\u0151 Zrt. a t\u0151kepiac \u00e9p\u00edt\u00e9s\u00e9ben v\u00e1llalt szerep\u00e9r\u0151l T\u00f3th J\u00f3zsef tranzakci\u00f3s igazgat\u00f3 fog besz\u00e1molni.<\/p>\n<p>A B\u00c9T nemzetk\u00f6zi v\u00e1llalatfejleszt\u00e9si programj\u00e1r\u00f3l, az ELITE-Programr\u00f3l, egy panelbesz\u00e9lget\u00e9sen inform\u00e1l\u00f3dhatnak az \u00e9rdekl\u0151d\u0151k, amelyen t\u00f6bbek k\u00f6z\u00f6tt Luca Broglio, az ELITE term\u00e9k-\u00e9s \u00fczletfejleszt\u00e9si menedzsere ismerteti a program el\u0151nyeit.<\/p>\n<p><img decoding=\"async\" class=\"alignleft size-large wp-image-10082\" src=\"https:\/\/szta.hu\/wp-content\/uploads\/2018\/09\/bet502-1024x681.jpg\" alt=\"\" width=\"1024\" height=\"681\" \/><\/p>\n<p>&nbsp;<\/p>\n<p>Az Ipar 4.0-hoz k\u00f6t\u0151d\u0151 startup- \u00e9s kkv-egy\u00fcttm\u0171k\u00f6d\u00e9sekr\u0151l Joerg Bauer, a Tungsram csoport eln\u00f6k-vez\u00e9rigazgat\u00f3ja besz\u00e9l majd. A befektet\u0151i sztori \u00e9p\u00edt\u00e9s\u00e9t pedig k\u00fcl\u00f6nb\u00f6z\u0151 szempontokb\u00f3l mutatja be Pellion \u00c1gnes, az EY brand, marketing \u00e9s kommunik\u00e1ci\u00f3s igazgat\u00f3ja, B\u00e1lint Viktor, a\u00a0BnL Growth Partners\u00a0\u00fcgyvezet\u0151 partnere, a W.UP \u00e9s a Codecool \u00fczletfejleszt\u00e9si igazgat\u00f3ja, Bauer P\u00e9ter, a\u00a0Magyar Telekom\u00a0befektet\u0151i kapcsolatok\u00e9rt felel\u0151s oszt\u00e1lyvezet\u0151je; illetve Bozsik Bal\u00e1zs, a\u00a0Budapesti \u00c9rt\u00e9kt\u0151zsde\u00a0\u00e9rt\u00e9kes\u00edt\u00e9si \u00e9s marketing igazgat\u00f3ja.<\/p>\n<p>A t\u0151zsdek\u00e9pess\u00e9gr\u0151l sz\u00f3l\u00f3 jogi workshop keret\u00e9ben Hegyi \u00c1d\u00e1m, a PRIMARE Partners \u00fcgyvezet\u0151 igazgat\u00f3ja, Schilling D\u00e1niel, a Duna House gazdas\u00e1gi igazgat\u00f3ja, valamint Moln\u00e1r G\u00e1bor, a Horv\u00e1th \u00e9s T\u00e1rsai \u00dcgyv\u00e9di Iroda DLA Piper partnere adnak majd gyakorlati tan\u00e1csokat.<\/p>\n<p>Az el\u0151ad\u00f3k teljes sora \u00e9s az esem\u00e9ny r\u00e9szletes ismertet\u0151je megtal\u00e1lhat\u00f3 <a href=\"https:\/\/bet.hu\/Kibocsatok\/bet50\/BET50-kozepvallalatok-csucstalalkozoja-2018\/BET50-Kozepvallalatok-csucstalalkozoja-2018\" target=\"_blank\" rel=\"noopener nofollow\">ezen<\/a> a linken.<\/p>","protected":false},"featured_media":10122,"template":"","class_list":["post-10062","blog","type-blog","status-publish","has-post-thumbnail","hentry"],"acf":[],"_links":{"self":[{"href":"https:\/\/www.szta.hu\/en\/wp-json\/wp\/v2\/blog\/10062","targetHints":{"allow":["GET"]}}],"collection":[{"href":"https:\/\/www.szta.hu\/en\/wp-json\/wp\/v2\/blog"}],"about":[{"href":"https:\/\/www.szta.hu\/en\/wp-json\/wp\/v2\/types\/blog"}],"wp:featuredmedia":[{"embeddable":true,"href":"https:\/\/www.szta.hu\/en\/wp-json\/"}],"wp:attachment":[{"href":"https:\/\/www.szta.hu\/en\/wp-json\/wp\/v2\/media?parent=10062"}],"curies":[{"name":"wp","href":"https:\/\/api.w.org\/{rel}","templated":true}]}}