{"id":11552,"date":"2018-12-21T16:34:41","date_gmt":"2018-12-21T14:34:41","guid":{"rendered":"http:\/\/www.blog.sztateszt.7digits.net\/?post_type=blog&amp;p=11552"},"modified":"2018-12-21T16:34:41","modified_gmt":"2018-12-21T14:34:41","slug":"nyugat-balkan-kilonek-a-wb6-startupjai","status":"publish","type":"blog","link":"https:\/\/www.szta.hu\/en\/blog\/nyugat-balkan-kilonek-a-wb6-startupjai\/","title":{"rendered":"Nyugat-Balk\u00e1n: kil\u0151nek a WB6 startupjai"},"content":{"rendered":"<p><img fetchpriority=\"high\" decoding=\"async\" class=\"alignleft wp-image-11532 size-medium\" src=\"https:\/\/szta.hu\/wp-content\/uploads\/2018\/12\/Mosztar_h\u00edd_BHG12557-300x200.jpg\" alt=\"\" width=\"300\" height=\"200\" \/>Ak\u00e1r k\u00e9tsz\u00e1z \u00e9vbe is beletelhet, am\u00edg a nyugat-balk\u00e1ni \u00e1llamok felz\u00e1rk\u00f3znak az Eur\u00f3pai Uni\u00f3 tag\u00e1llamainak \u00e9letsz\u00ednvonal\u00e1hoz, amelyhez csatlakozni v\u00e1gynak \u2013 jegyezte meg az EBRD \u00e9v elej\u00e9n napvil\u00e1got l\u00e1tott jelent\u00e9se, amely alapvet\u0151 gazdas\u00e1gi reformokat s\u00fcrgetett. Ezzel egy\u00fctt abban rem\u00e9nykednek, hogy a digit\u00e1lis v\u00e1llalkoz\u00e1sok felgyors\u00edthatj\u00e1k a Nyugat-Balk\u00e1n gazdas\u00e1gi n\u00f6veked\u00e9s\u00e9t, ami \u00faj perspekt\u00edv\u00e1kat nyithat az eur\u00f3pai startup-vil\u00e1g el\u0151tt.<\/p>\n<p><em>Valentina Cullmann<\/em> az entrepreneur.com port\u00e1lon elemezte a WB6, a Nyugat-Balk\u00e1n hat orsz\u00e1g\u00e1nak \u2013 Alb\u00e1ni\u00e1nak, Bosznia Hercegovin\u00e1nak, Maced\u00f3ni\u00e1nak, Montenegr\u00f3nak, Szerbi\u00e1nak \u00e9s a nemzetk\u00f6zileg csak r\u00e9szben elismert Koszov\u00f3nak \u2013 a gazdas\u00e1gi lemarad\u00e1s\u00e1t. Ezekben az orsz\u00e1gokban a Nemzetk\u00f6zi Valutaalap statisztik\u00e1i szerint az egy f\u0151re jut\u00f3 GDP mind\u00f6ssze a fele a 11 kelet-eur\u00f3pai EU-tag\u00e1llam\u00e9nak, \u00e9s mind\u00f6ssze egynegyede az EU legfejlettebb nyugati \u00e1llamai\u00e9nak.<\/p>\n<p>Ennek ellen\u00e9re Belgr\u00e1dt\u00f3l Pristin\u00e1ig kialakult a startup-k\u00f6zpontok \u00a0innov\u00e1ci\u00f3s \u00f6kosziszt\u00e9m\u00e1k h\u00e1l\u00f3zata, amelyek a r\u00e9gi\u00f3 orsz\u00e1gait a gazdas\u00e1gi felz\u00e1rk\u00f3z\u00e1sra sarkallhatja. A 2017-es Akceler\u00e1tor ABC t\u00f6bb mint 1200 startupot sz\u00e1molt \u00f6ssze a hat orsz\u00e1gban, \u00e9s sz\u00e1muk egyre n\u0151. A legfontosabb szerepl\u0151 k\u00e9ts\u00e9gk\u00edv\u00fcl a sz\u00f3ban forg\u00f3 c\u00e9gek fel\u00e9t ad\u00f3 Szerbi\u00e1\u00e9, de a t\u00f6bbi orsz\u00e1gban is kialakult m\u00e1r egy startup k\u00f6z\u00f6ss\u00e9g \u00e9s valamilyen egyszer\u0171nek mondhat\u00f3, t\u00e1mogat\u00f3 \u00f6kosziszt\u00e9ma.<\/p>\n<p>Bosznia Hercegovin\u00e1ban p\u00e9ld\u00e1ul kialakul\u00f3ban van egy digit\u00e1lis startup hub. Mostarban, az orsz\u00e1g legink\u00e1bb megosztott v\u00e1ros\u00e1ban h\u00e1rom \u00e9ve alap\u00edtott\u00e1k a Spark Digit\u00e1lis Akceler\u00e1tort, hogy \u00f6sszegy\u0171jtse a fiatal v\u00e1llalkoz\u00f3kat. Id\u0151k\u00f6zben olyan sikersztorik indultak \u00fatnak, mint az <a href=\"https:\/\/www.nsoft.com\/\" target=\"_blank\" rel=\"noopener nofollow\">NSoft<\/a>-\u00e9 is, amely egyszeriben elhelyezte Bosznia Hercegovin\u00e1t a t\u00e9rk\u00e9nen. Az online j\u00e1t\u00e9kokra \u00e9s sportfogad\u00e1sra szakosodott startupot a Deloitte nemzetk\u00f6zi tan\u00e1csad\u00f3 Eur\u00f3pa \u00f6t\u00f6dik leggyorsabban n\u00f6vekv\u0151 startupj\u00e1nak nevezte.<\/p>\n<p>Alig egy hat\u00e1rral arr\u00e9bb, Montenegr\u00f3ban 2016 szeptember\u00e9ben nyitotta meg kapuit a tudom\u00e1nyos \u00e9s technol\u00f3giai park r\u00e9szek\u00e9nt m\u0171k\u00f6d\u0151 \u00e9s a korm\u00e1ny kedvenc strat\u00e9giai projektj\u00e9nek sz\u00e1m\u00edt\u00f3 Technopolis V\u00e1llalkoz\u00f3i K\u00f6zpont. Az int\u00e9zm\u00e9ny jelenleg az orsz\u00e1g 14 els\u0151gener\u00e1ci\u00f3s startapj\u00e1t t\u00e1mogatja, de a sz\u00e1nd\u00e9ka szerint Montenegro technol\u00f3giai \u00e9s innov\u00e1ci\u00f3s \u00e9lvonal\u00e1ba k\u00edv\u00e1n ker\u00fclni.<\/p>\n<p>M\u00e9g d\u00e9lebbre haladva, Maced\u00f3ni\u00e1ban, a szkopjei Social Innovation Hub \u00e9letre h\u00edv\u00e1s\u00e1ban az ENSZ szakos\u00edtott szerve, az UNDP seg\u00e9dkezett, a j\u00f6v\u0151ben pedig a helyi \u00f6nkorm\u00e1nyzat fogja m\u0171k\u00f6dtetni. Maced\u00f3nia \u00fczleti szempontb\u00f3l az egyik legnehezebb orsz\u00e1gnak sz\u00e1m\u00edtott, de nemr\u00e9giben a 11. helyre ugrott a Vil\u00e1gbank Ease of Doing Business jelent\u00e9s\u00e9ben \u2013 megel\u0151zve \u00c9sztorsz\u00e1got \u00e9s N\u00e9metorsz\u00e1got is.<\/p>\n<p>K\u00fcl\u00f6n\u00f6sen az elm\u00falt n\u00e9h\u00e1ny \u00e9vben olyan \u00e9l\u00e9nk v\u00e1llalkoz\u00f3i k\u00f6rnyezet alakult ki, amely m\u00e9g a r\u00e9gi\u00f3 szak\u00e9rt\u0151it is meglepte. K\u00f6zt\u00fck<em> Mila Marinkovicot<\/em> is, aki a SEED Forum tan\u00e1csad\u00f3ja, \u00e9s az EU valamint az OECD szak\u00e9rt\u0151jek\u00e9nt a kelet-eur\u00f3pai v\u00e1llalkoz\u00f3i \u00e9s innov\u00e1ci\u00f3s \u00f6kosziszt\u00e9m\u00e1k alapos ismer\u0151je. Szerinte a r\u00e9gi\u00f3 m\u00e9g mindig rengeteg t\u00e1mogat\u00e1shoz jut nemzetk\u00f6zi donor-szervezetekt\u0151l, egyre t\u00f6bb helyi v\u00e1llalkoz\u00f3 v\u00e1g bele startup-kezdem\u00e9nyez\u00e9sekbe. <em>\u201e\u00dagy t\u0171nik, hogy a korm\u00e1nyzati \u00e9s a mag\u00e1nszervezetek fontosnak tartj\u00e1k az innov\u00e1ci\u00f3 \u00e9s a v\u00e1llalkoz\u00e1s jelent\u0151s\u00e9g\u00e9t hangs\u00falyozni, \u00e9s az elm\u00falt k\u00e9t \u00e9vben k\u00f6nnyebben lehet inkub\u00e1torh\u00e1zakat \u00e9s co-working munkahelyeket l\u00e9tes\u00edteni.\u201d <\/em><\/p>\n<p>A v\u00e1llalkoz\u00f3k helyzete is k\u00f6nnyebb\u00e9 v\u00e1lt. <em>\u201eA legnagyobb kih\u00edv\u00e1s mind a hat orsz\u00e1g v\u00e1llalkoz\u00f3i sz\u00e1m\u00e1ra, hogy finansz\u00edroz\u00e1shoz jussanak\u201d <\/em>\u2013 mondja Marinkovic. A m\u00e1sik probl\u00e9m\u00e1s ter\u00fclet az oktat\u00e1s, sokan azt emelik ki, hogy jobban hozz\u00e1 kellene idom\u00edtani a piaci ig\u00e9nyekhez.<\/p>\n<p>Az EBRD febru\u00e1rban k\u00f6z\u00f6lt jelent\u00e9se szerint a WB6 orsz\u00e1gok fiataljainak mind\u00f6ssze 28 sz\u00e1zal\u00e9ka vesz r\u00e9szt \u00fczletfejleszt\u00e9si k\u00e9pz\u00e9sen, \u00e9s mind\u00f6ssze 22 sz\u00e1zal\u00e9kuk jut finansz\u00edroz\u00e1shoz. K\u00fcl\u00f6n\u00f6sen Bosznia Hercegovin\u00e1ban neh\u00e9z a fiatal v\u00e1llalkoz\u00f3k helyzete, k\u00f6r\u00fcl\u00fck mind\u00f6ssze 13 sz\u00e1zal\u00e9k jut finansz\u00edroz\u00e1shoz \u00e9s csak 8 sz\u00e1zal\u00e9kuk k\u00e9pz\u00e9shez, ami az EBRD m\u0171k\u00f6d\u00e9si ter\u00fclet\u00e9n a legrosszabbnak sz\u00e1m\u00edt.<\/p>\n<p>Ezzel egy\u00fctt \u00faj szerepk\u00f6r\u00f6k alakulnak ki a r\u00e9gi\u00f3 dinamikusan fejl\u0151d\u0151 fiatal digit\u00e1lis v\u00e1llalkoz\u00f3i sz\u00e1m\u00e1ra. Maced\u00f3ni\u00e1ban <em>Nina Angelovska<\/em> and <em>Zarko Dimitriski<\/em> felker\u00fclt a Forbes 2018-as<em> \u201eEur\u00f3pa harminc 30 \u00e9v alatti<\/em> <em>v\u00e1llalkoz\u00f3ja\u201d<\/em> list\u00e1j\u00e1ra. Angelovska Maced\u00f3nia els\u0151 nagybani online piac\u00e1t, a <a href=\"https:\/\/grouper.mk\/\" target=\"_blank\" rel=\"noopener nofollow\">Grouper<\/a>-t alap\u00edtotta, amelyhez imm\u00e1r 2500 keresked\u0151 csatlakozott \u00e9s 170 ezer regisztr\u00e1lt felhaszn\u00e1l\u00f3ja van. Zarko Dimitrioski egykori t\u00e9v\u00e9s m\u0171sorvezet\u0151 az Eden na Eden marketing\u00fcgyn\u00f6ks\u00e9g alap\u00edt\u00f3ja pedig elnyerte a Maced\u00f3n V\u00e1llalkoz\u00e1sfejleszt\u00e9si Alap\u00edtv\u00e1ny <em>\u201eAz \u00e9v v\u00e1llalkoz\u00f3ja\u201d<\/em> d\u00edj\u00e1t.<\/p>\n<p>A r\u00e9gi\u00f3 gyakran hi\u00e1nyos technikai infrastrukt\u00far\u00e1j\u00e1nak fejleszt\u00e9s\u00e9t sz\u00e1mos \u00e1llami beruh\u00e1z\u00e1sok igyekszik p\u00f3tolni. Rem\u00e9lhet\u0151leg ezek hozz\u00e1j\u00e1rulnak majd a digit\u00e1lis \u00e1talakul\u00e1s \u00e9s a v\u00e1llalkoz\u00f3i innov\u00e1ci\u00f3 \u00f6szt\u00f6nz\u00e9s\u00e9hez is. Az EU-Nyugat-Balk\u00e1n cs\u00facstal\u00e1lkoz\u00f3n az egyik legink\u00e1bb hangs\u00falyozott t\u00e9mak\u00f6r a digit\u00e1lis \u00f6sszek\u00f6ttet\u00e9s volt, az EU 30 milli\u00f3 eur\u00f3nyi forr\u00e1st aj\u00e1nlott fel a Nyugat-balk\u00e1ni Beruh\u00e1z\u00e1si Keretmeg\u00e1llapod\u00e1s (WBIF) keret\u00e9ben a sz\u00e9less\u00e1v\u00fa internet-hozz\u00e1f\u00e9r\u00e9s ki\u00e9p\u00edt\u00e9s\u00e9re.<\/p>\n<p>Kialakul-e valaha is a Nyugat-Balk\u00e1non egy Szil\u00edcium-v\u00f6lgyh\u00f6z hasonl\u00f3 v\u00e1llalkoz\u00f3i klaszter, ahogy a Duna-medenc\u00e9vel kapcsolatban is fogalmaz\u00f3dtak meg ilyen v\u00e1rakoz\u00e1sok?<\/p>\n<p>Ezt tal\u00e1n t\u00falz\u00e1s volna \u00e1ll\u00edtani, minthogy a WB6 r\u00e9gi\u00f3ban a v\u00e1llalkoz\u00e1sok m\u00e9g k\u00e9ts\u00e9gk\u00edv\u00fcl gyerekcip\u0151ben j\u00e1rnak. Ugyanakkor a <a href=\"https:\/\/fra.me\/\" target=\"_blank\" rel=\"noopener nofollow\">Frame<\/a>nek, ennek a szerb startupnak tavaly 16 milli\u00f3 doll\u00e1r t\u0151k\u00e9t siker\u00fclt bevonnia olyan befektet\u0151kt\u0151l, mint p\u00e9ld\u00e1ul a Bain Capital \u00e9s a Microsoft, ami vil\u00e1gos \u00fczenet volt: a Nyugat-Balk\u00e1n ambici\u00f3zus, v\u00e9rbeli v\u00e1llalkoz\u00f3k otthon\u00e1v\u00e1 v\u00e1lt, a r\u00e9gi\u00f3 pedig \u00e9rdemes a glob\u00e1lis v\u00e1llalkoz\u00f3i \u00f6kosziszt\u00e9ma figyelm\u00e9re.<\/p>\n<p>&nbsp;<\/p>","protected":false},"featured_media":11532,"template":"","class_list":["post-11552","blog","type-blog","status-publish","has-post-thumbnail","hentry"],"acf":[],"_links":{"self":[{"href":"https:\/\/www.szta.hu\/en\/wp-json\/wp\/v2\/blog\/11552","targetHints":{"allow":["GET"]}}],"collection":[{"href":"https:\/\/www.szta.hu\/en\/wp-json\/wp\/v2\/blog"}],"about":[{"href":"https:\/\/www.szta.hu\/en\/wp-json\/wp\/v2\/types\/blog"}],"wp:featuredmedia":[{"embeddable":true,"href":"https:\/\/www.szta.hu\/en\/wp-json\/"}],"wp:attachment":[{"href":"https:\/\/www.szta.hu\/en\/wp-json\/wp\/v2\/media?parent=11552"}],"curies":[{"name":"wp","href":"https:\/\/api.w.org\/{rel}","templated":true}]}}