{"id":11782,"date":"2019-01-23T14:29:39","date_gmt":"2019-01-23T12:29:39","guid":{"rendered":"http:\/\/www.blog.sztateszt.7digits.net\/?post_type=blog&amp;p=11782"},"modified":"2019-01-23T14:29:39","modified_gmt":"2019-01-23T12:29:39","slug":"teljes-az-ipari-vallalkozasok-szamara-kinalt-tokeprogram-ime-az-irinyi-i-kockazati-tokealap-elso-befektetese","status":"publish","type":"blog","link":"https:\/\/www.szta.hu\/en\/blog\/teljes-az-ipari-vallalkozasok-szamara-kinalt-tokeprogram-ime-az-irinyi-i-kockazati-tokealap-elso-befektetese\/","title":{"rendered":"Teljes az ipari v\u00e1llalkoz\u00e1sok sz\u00e1m\u00e1ra k\u00edn\u00e1lt t\u0151keprogram &#8211; \u00edme az Irinyi I. Kock\u00e1zati T\u0151kealap els\u0151 befektet\u00e9se"},"content":{"rendered":"<p><strong><img fetchpriority=\"high\" decoding=\"async\" class=\"alignleft wp-image-11812 size-medium\" src=\"https:\/\/szta.hu\/wp-content\/uploads\/2019\/01\/shutterstock_1126226726-300x200.jpg\" alt=\"\" width=\"300\" height=\"200\" \/>A Sz\u00e9chenyi T\u0151kealap-kezel\u0151 Zrt. \u00e1ltal kezelt Irinyi I. Kock\u00e1zati T\u0151kealap &#8211; amely a konvergencia r\u00e9gi\u00f3kban m\u0171k\u00f6d\u0151 iparv\u00e1llalkoz\u00e1sok fejleszt\u00e9s\u00e9t hivatott t\u00e1mogatni &#8211; els\u0151 tranzakci\u00f3j\u00e1val egy rep\u00fcl\u0151t\u00e9ri t\u0171zolt\u00f3k\u00e9pz\u0151 k\u00f6zpont l\u00e9trehoz\u00e1s\u00e1t seg\u00edti a j\u00e1rm\u0171ipari k\u00f6zpontt\u00e1 v\u00e1l\u00f3 Debrecen v\u00e1ros\u00e1ban. <\/strong><\/p>\n<p>Az Irinyi I. Kock\u00e1zati T\u0151kealap els\u0151 befektet\u00e9s\u00e9vel egy rep\u00fcl\u0151t\u00e9ri t\u0171zolt\u00f3k\u00e9pz\u0151 k\u00f6zpont, a Gr\u00f3f Sz\u00e9chenyi \u00d6d\u00f6n T\u0171zolt\u00f3 Kik\u00e9pz\u0151 Akad\u00e9mia l\u00e9trehoz\u00e1s\u00e1t seg\u00edti Debrecenben. A rep\u00fcl\u0151t\u00e9r \u00fczemeltet\u00e9se sor\u00e1n ugyanis az egyik jelent\u0151s kih\u00edv\u00e1st a t\u0171zolt\u00f3 szolg\u00e1lat fenntart\u00e1sa jelenti, a megfelel\u0151en k\u00e9pzett szem\u00e9lyzet mellett. A tev\u00e9kenys\u00e9g ell\u00e1t\u00e1sa biztons\u00e1gi szempontb\u00f3l n\u00e9lk\u00fcl\u00f6zhetetlen, gazdas\u00e1gi oldalr\u00f3l azonban az egyik legnagyobb kiad\u00e1ssal j\u00e1r\u00f3 szolg\u00e1lat. Ugyan a t\u0171zolt\u00f3s\u00e1g \u00fczemeltet\u00e9se szigor\u00fa felt\u00e9telekhez k\u00f6t\u00f6tt, ilyen jelleg\u0171 komplex oktat\u00f3 b\u00e1zist jelenleg egy kelet-eur\u00f3pai c\u00e9g sem \u00fczemeltet.<\/p>\n<p>Mindemellett a rep\u00fcl\u0151t\u00e9r utassz\u00e1ma \u00e9vr\u0151l \u00e9vre rohamosan n\u0151, 2011 \u00e9s 2018 k\u00f6z\u00f6tt \u00e9vi 18 ezerr\u0151l eg\u00e9szen \u00e9vi 360 ezerre emelkedett. Debrecen \u00e9s vonz\u00e1sk\u00f6rzet\u00e9nek forgalma a j\u00f6v\u0151ben pedig minden val\u00f3sz\u00edn\u0171s\u00e9g szerint tov\u00e1bb fog gyarapodni, a BMW beruh\u00e1z\u00e1snak k\u00f6sz\u00f6nhet\u0151en &#8211; miszerint a n\u00e9met pr\u00e9mium aut\u00f3gy\u00e1rt\u00f3 v\u00e1llalat Debrecen mellett egy 400 hekt\u00e1ros ter\u00fcleten \u00e9p\u00edt gy\u00e1rat.<\/p>\n<p>Az alap egy \u00fctem\u0171, \u00f6sszesen 150 milli\u00f3 forintos \u00f6sszeg\u0171 t\u0151keemel\u00e9ssel 36,6 sz\u00e1zal\u00e9kos r\u00e9szesed\u00e9st szerzett a DETKA Oktat\u00f3 Kft.-ben egy \u00fctemben v\u00e9grehajtott, \u00f6sszesen 150 milli\u00f3 forint tagi k\u00f6lcs\u00f6n ny\u00fajt\u00e1sa mellett. A DETKA Oktat\u00f3 Kft.-ben tulajdonosi r\u00e9szesed\u00e9ssel b\u00edr a XANGA-csoport (a Debreceni Nemzetk\u00f6zi Rep\u00fcl\u0151t\u00e9r \u00fczemeltet\u00e9s\u00e9t \u00e9s fejleszt\u00e9s\u00e9t v\u00e9gz\u0151 v\u00e1llalat), amellyel az SZTA-nak m\u00e1r van egy p\u00e9nz\u00fcgyileg eredm\u00e9nyes exitje, illetve egy j\u00f6v\u0151 \u00e9vi, v\u00e1rhat\u00f3an sikeres kil\u00e9p\u00e9ssel z\u00e1rhat\u00f3 tov\u00e1bbi tranzakci\u00f3ja (SAIGO LOGISTIC).<\/p>\n<p>Az Irinyi I. Kock\u00e1zati T\u0151kealap kezel\u00e9s\u00e9nek jog\u00e1t a Sz\u00e9chenyi T\u0151kealap-kezel\u0151 Zrt. 2018 augusztus v\u00e9g\u00e9n nyerte el a Magyar Fejleszt\u00e9si Bank tender\u00e9n, ny\u00edlt k\u00f6zbeszerz\u00e9si elj\u00e1r\u00e1s keret\u00e9ben. Az MFB szeptember 17-\u00e9n k\u00f6t\u00f6tte meg a szerz\u0151d\u00e9st az alapkezel\u0151vel, december elej\u00e9n pedig az alap enged\u00e9lyeztet\u00e9se is lez\u00e1rult.<\/p>\n<p>[post_newsletter title=&#8221;Iratkozzon fel h\u00edrlevel\u00fcnkre!&#8221;][\/post_newsletter]<\/p>\n<p>Az Irinyi I. Kock\u00e1zati T\u0151kealap az <a href=\"https:\/\/szta.hu\/elsokent-az-irinyi-tokealap-tuzte-ki-celul-az-ipar-4-0-s-fejlesztesek-tokefinanszirozasat\/\" target=\"_blank\" rel=\"noopener nofollow\">Irinyi II. Kock\u00e1zati T\u0151kealaphoz<\/a> hasonl\u00f3an az Irinyi Tervben, azaz Magyarorsz\u00e1g hossz\u00fa t\u00e1v\u00fa iparfejleszt\u00e9si strat\u00e9gi\u00e1j\u00e1ban meghat\u00e1rozott c\u00e9lkit\u0171z\u00e9sekkel \u00f6sszhangban t\u00e1mogatja a n\u00f6vekedni k\u00e9pes ipari kis-\u00e9s k\u00f6z\u00e9pv\u00e1llalkoz\u00e1sokat. M\u00edg az Irinyi II. Kock\u00e1zati T\u0151kealap c\u00e9lv\u00e1llalkoz\u00e1sai Pest megy\u00e9hez k\u00f6thet\u0151ek, az Irinyi I. Kock\u00e1zati T\u0151kealap a konvergencia r\u00e9gi\u00f3kra f\u00f3kusz\u00e1l. Az Irinyi Tervben meghat\u00e1rozott, kiemelt ipar\u00e1gakban m\u0171k\u00f6d\u0151 c\u00e9geket els\u0151sorban a versenyk\u00e9pes, magasabb hozz\u00e1adott \u00e9rt\u00e9k\u0171 termel\u00e9s, a kutat\u00e1s-fejleszt\u00e9s, valamint kiemelt f\u00f3kusszal az Ipar 4.0-s fejleszt\u00e9si \u00e9s digitaliz\u00e1ci\u00f3s folyamatokat t\u00e1mogatj\u00e1k. \u00a0A kiemelt ipar\u00e1gak k\u00f6z\u00e9 tartozik t\u00f6bbek k\u00f6z\u00f6tt a j\u00e1rm\u0171ipar, a g\u00e9pgy\u00e1rt\u00e1s, az eg\u00e9szs\u00e9gipar, vegyipar, az IKT ipar, a z\u00f6ldgazdas\u00e1g \u00e9s energiaipar, a faipar, az \u00e9lelmiszeripar, a v\u00e9delmi ipar, valamint az ezekhez kapcsolhat\u00f3 infokommunik\u00e1ci\u00f3s, digit\u00e1lis, illetve Ipar 4.0-s fejleszt\u00e9sek.<\/p>\n<p>Az <a href=\"https:\/\/www.irinyi.sztateszt.7digits.net\/\" target=\"_blank\" rel=\"noopener nofollow\">alapok<\/a> befektet\u00e9si logik\u00e1ja k\u00f6veti az alapkezel\u0151 t\u00f6bbi t\u0151kealapj\u00e1n\u00e1l megismert alapelveket \u2013 azaz csendest\u00e1rsk\u00e9nt legfeljebb 49 sz\u00e1zal\u00e9kos \u00fczletr\u00e9szt szerez, a t\u0151kealap kisz\u00e1ll\u00e1sa pedig \u00e1ltal\u00e1ban alap\u00edt\u00f3i visszav\u00e1s\u00e1rl\u00e1s keret\u00e9ben t\u00f6rt\u00e9nik.<\/p>\n<p>Az Irinyi I. Kock\u00e1zati T\u0151kealappal teljess\u00e9 v\u00e1lt a Sz\u00e9chenyi T\u0151kealap-kezel\u0151 Zrt. ipari v\u00e1llalkoz\u00e1sok sz\u00e1m\u00e1ra k\u00edn\u00e1lt t\u0151keprogramja. Kock\u00e1zati t\u0151kebefektet\u0151k sz\u00e1m\u00e1ra nagy potenci\u00e1lt jelent a magyar ipar, az exportk\u00e9pes, illetve besz\u00e1ll\u00edt\u00f3i kis-\u00e9s k\u00f6z\u00e9pv\u00e1llalkoz\u00e1sok. A t\u0151ke\u00e1gi finansz\u00edroz\u00e1s \u2013 hitellel, vissza nem t\u00e9r\u00edtend\u0151 t\u00e1mogat\u00e1ssal kieg\u00e9sz\u00fclve \u2013 elengedhetetlen lehet az Ipar 4.0-s megold\u00e1sok bevezet\u00e9s\u00e9hez, a term\u00e9kfejleszt\u00e9sekhez \u00e9s egy\u00e9b innov\u00e1ci\u00f3k megval\u00f3s\u00edt\u00e1s\u00e1hoz.<\/p>\n","protected":false},"featured_media":11812,"template":"","class_list":["post-11782","blog","type-blog","status-publish","has-post-thumbnail","hentry"],"acf":[],"_links":{"self":[{"href":"https:\/\/www.szta.hu\/en\/wp-json\/wp\/v2\/blog\/11782","targetHints":{"allow":["GET"]}}],"collection":[{"href":"https:\/\/www.szta.hu\/en\/wp-json\/wp\/v2\/blog"}],"about":[{"href":"https:\/\/www.szta.hu\/en\/wp-json\/wp\/v2\/types\/blog"}],"wp:featuredmedia":[{"embeddable":true,"href":"https:\/\/www.szta.hu\/en\/wp-json\/"}],"wp:attachment":[{"href":"https:\/\/www.szta.hu\/en\/wp-json\/wp\/v2\/media?parent=11782"}],"curies":[{"name":"wp","href":"https:\/\/api.w.org\/{rel}","templated":true}]}}