{"id":11922,"date":"2019-01-30T11:14:05","date_gmt":"2019-01-30T09:14:05","guid":{"rendered":"http:\/\/www.blog.sztateszt.7digits.net\/?post_type=blog&amp;p=11922"},"modified":"2019-01-30T11:14:05","modified_gmt":"2019-01-30T09:14:05","slug":"palyazati-elorejelzesek-2019-re-jon-a-digitalizacio-eve","status":"publish","type":"blog","link":"https:\/\/www.szta.hu\/en\/blog\/palyazati-elorejelzesek-2019-re-jon-a-digitalizacio-eve\/","title":{"rendered":"P\u00e1ly\u00e1zati el\u0151rejelz\u00e9sek 2019-re: j\u00f6n a digitaliz\u00e1ci\u00f3 \u00e9ve"},"content":{"rendered":"<p><strong><img fetchpriority=\"high\" decoding=\"async\" class=\"alignleft size-medium wp-image-11932\" src=\"https:\/\/szta.hu\/wp-content\/uploads\/2019\/01\/shutterstock_142610485-300x195.jpg\" alt=\"\" width=\"300\" height=\"195\" \/>2020-ig m\u00e9g kihaszn\u00e1lhatj\u00e1k a vissza nem t\u00e9r\u00edtend\u0151 forr\u00e1sokat a kis- \u00e9s k\u00f6z\u00e9pv\u00e1llalkoz\u00e1sok. A p\u00e1ly\u00e1zati p\u00e9nzek \u00f6sszes k\u00f6lts\u00e9ge a 100 milli\u00e1rd forintot is el\u00e9rheti, a becsl\u00e9sek szerint t\u00f6bb ezer nyertes p\u00e1ly\u00e1z\u00f3 is lehet.<\/strong><\/p>\n<p>2018-ban a legn\u00e9pszer\u0171bb p\u00e1ly\u00e1zat a Gazdas\u00e1gfejleszt\u00e9si \u00e9s Innov\u00e1ci\u00f3s Operat\u00edv Program keret\u00e9ben megval\u00f3sul\u00f3 2.1.8. sz\u00e1m\u00fa adapt\u00edv innov\u00e1ci\u00f3 ki\u00edr\u00e1s volt, amely a konvergencia r\u00e9gi\u00f3kban m\u0171k\u00f6d\u0151 mikro, kis- \u00e9s k\u00f6zepes v\u00e1llalkoz\u00e1sok innov\u00e1ci\u00f3s l\u00e1ncba t\u00f6rt\u00e9n\u0151 bevon\u00e1s\u00e1t hivatott el\u0151seg\u00edteni, eszk\u00f6z\u00f6k \u00e9s immateri\u00e1lis javak beszerz\u00e9s\u00e9nek t\u00e1mogat\u00e1sa r\u00e9v\u00e9n. A p\u00e1ly\u00e1zatot hatalmas \u00e9rdekl\u0151d\u00e9s \u00f6vezte, a n\u00e9pszer\u0171s\u00e9g egyik oka az is lehetett, hogy a kor\u00e1bbi gyakorlattal ellent\u00e9tben nem csak termel\u0151 \u00e9s gy\u00e1rt\u00f3 c\u00e9gek ny\u00fajthattak be p\u00e1ly\u00e1zatot. A nagy \u00e9rdekl\u0151d\u00e9sre val\u00f3 tekintettel az \u0151sz folyam\u00e1n \u00fajra megnyitott\u00e1k a p\u00e1ly\u00e1zatot, \u00edgy a ki\u00edr\u00e1s t\u00f6bb mint 3.500 \u00e9rdekl\u0151d\u0151vel, \u00e9s t\u00f6bb mint 1.600 nyertessel z\u00e1rhatta az \u00e9vet.<\/p>\n<p>2018-ban a kis- \u00e9s k\u00f6z\u00e9pv\u00e1llalkoz\u00e1soknak ki\u00edrt k\u00e9pz\u00e9si p\u00e1ly\u00e1zati konstrukci\u00f3 (GINOP-6.1.6-17) is igen kelend\u0151 volt, itt t\u00f6bb mint 1000 \u00e9rdekl\u0151d\u0151 mellet folyamatosak az eredm\u00e9nyhirdet\u00e9sek. A munkav\u00e1llal\u00f3k k\u00e9szs\u00e9geinek, k\u00e9pess\u00e9geinek \u00e9s kompetenci\u00e1j\u00e1nak fejleszt\u00e9s\u00e9t c\u00e9lz\u00f3 p\u00e1ly\u00e1zati t\u00e1mogat\u00e1sra m\u00e1r nagy sz\u00fcks\u00e9g volt, hiszen ehhez hasonl\u00f3 fejleszt\u00e9si lehet\u0151s\u00e9gre legut\u00f3bb a 2007\u20132013-as uni\u00f3s ciklusban volt p\u00e9lda. Emellett az informatikai rendszerek bevezet\u00e9s\u00e9vel kapcsolatos p\u00e1ly\u00e1zat (GINOP 3.2.2-8.2.4-16) is 1500 \u00e9rdekl\u0151d\u0151t sz\u00e1molhatott, amely szint\u00e9n a v\u00e1llalatok sz\u00e1m\u00e1ra fontos kih\u00edv\u00e1sok lek\u00fczd\u00e9s\u00e9re ad lehet\u0151s\u00e9get, komplex infokommunik\u00e1ci\u00f3s, mobilfejleszt\u00e9sek \u00e9s felh\u0151 alap\u00fa online \u00fczleti szolg\u00e1ltat\u00e1sok t\u00e1mogat\u00e1s\u00e1val. A szak\u00e9rt\u0151k szerint az informatikai \u00e9s k\u00e9pz\u00e9si p\u00e1ly\u00e1zat is az\u00e9rt lehetett n\u00e9pszer\u0171 id\u00e9n, mert a fenn\u00e1ll\u00f3 munkaer\u0151hi\u00e1nyra adott v\u00e1laszt. A k\u00e9pz\u00e9si csomag p\u00e9ld\u00e1ul a foglalkoztat\u00f3kat a munkav\u00e1llal\u00f3ik, besz\u00e1ll\u00edt\u00f3ik \u00e9s a kapcsolt v\u00e1llalkoz\u00e1sok foglalkoztat\u00e1s\u00e1ban \u00e1ll\u00f3 munkav\u00e1llal\u00f3k tud\u00e1s\u00e1nak folyamatos fejleszt\u00e9s\u00e9re \u00f6szt\u00f6n\u00f6zte, illetve a munkaer\u0151hi\u00e1ny v\u00e1llalati szint\u0171 kezel\u00e9s\u00e9re.<\/p>\n<p>[post_newsletter title=&#8221;Iratkozzon fel h\u00edrlevel\u00fcnkre!&#8221;][\/post_newsletter]<\/p>\n<p>A 2019-es \u00e9v azzal indul, hogy a t\u00e1mogat\u00f3 hat\u00f3s\u00e1g \u00f6sszegzi az elm\u00falt \u00e9ves tapasztalatokat, lez\u00e1rja az el\u0151z\u0151 ciklust. Ilyenkor gyakoriak az \u00e1trendez\u0151d\u00e9sek: a 2016 elej\u00e9n r\u00f6gz\u00edtett GINOP p\u00e1ly\u00e1zatok menetrendj\u00e9nek \u00e9s keret\u00f6sszegeinek v\u00e1ltoz\u00e1sa m\u00f6g\u00f6tt tov\u00e1bbra is a kihaszn\u00e1latlan p\u00e1ly\u00e1zati ki\u00edr\u00e1sok \u00e1llnak \u2013 az \u00e9rdekl\u0151d\u00e9s cs\u00f6kken\u00e9se eset\u00e9n a forr\u00e1sokat a n\u00e9pszer\u0171bb p\u00e1ly\u00e1zatokhoz csoportos\u00edtj\u00e1k. Az innov\u00e1ci\u00f3 ter\u00fclet\u00e9n nagyobb \u00e9rt\u00e9k\u0171 t\u00e1mogat\u00e1sok j\u00f6hetnek term\u00e9kfejleszt\u00e9sre, piacfejleszt\u00e9sre. Hasonl\u00f3 intenzit\u00e1sra sz\u00e1m\u00edtunk teh\u00e1t 2019-ben is, mint 2018-ban. 2019 a digitaliz\u00e1ci\u00f3 \u00e9ve lehet, a p\u00e1ly\u00e1zati p\u00e9nzek \u00f6sszes k\u00f6lts\u00e9ge 100 milli\u00e1rd forint is lehet, ak\u00e1r 2-3 ezer nyertes p\u00e1ly\u00e1z\u00f3val.<\/p>\n<p>Az Eur\u00f3pai Uni\u00f3 2020 ut\u00e1n \u00e1talak\u00edtja p\u00e1ly\u00e1zati rendszer\u00e9t, amely nyom\u00e1n a vissza nem t\u00e9r\u00edtend\u0151 EU-s forr\u00e1sok el\u00e9rhet\u0151s\u00e9ge cs\u00f6kkenni fog. Addig azonban m\u00e9g kihaszn\u00e1lhatj\u00e1k a v\u00e1llalkoz\u00f3k a p\u00e1ly\u00e1zati p\u00e9nzeket a n\u00f6veked\u00e9s\u00fck megseg\u00edt\u00e9s\u00e9re, \u00e9s m\u00e9g 2023-ig megval\u00f3s\u00edthatj\u00e1k fejleszt\u00e9si projektjeiket. Az el\u00e9rhet\u0151 p\u00e1ly\u00e1zati forr\u00e1sok j\u00f3 lehet\u0151s\u00e9get adnak olyan v\u00e1llalkoz\u00e1soknak, amelyek \u00f6ner\u0151b\u0151l nem tudn\u00e1nak n\u00f6vekedni, vagy ak\u00e1r elind\u00edtani projektjeiket. \u00a0Sz\u00e1mos pozit\u00edv p\u00e9ld\u00e1t l\u00e1thatunk arra, hogy a v\u00e1llalatok sikeres fejleszt\u00e9seket val\u00f3s\u00edtanak meg kombin\u00e1lt p\u00e9nz\u00fcgyi forr\u00e1sokb\u00f3l. A Sz\u00e9chenyi T\u0151kealap-kezel\u0151 nemr\u00e9giben p\u00e9ld\u00e1ul sikeresen \u00e9rt\u00e9kes\u00edtette a Schaefer-Oesterle, bonyh\u00e1di sz\u00e9khely\u0171, b\u0151rbevonat\u00fa aut\u00f3alkatr\u00e9szek gy\u00e1rt\u00e1s\u00e1val foglalkoz\u00f3 v\u00e1llalkoz\u00e1sban megl\u00e9v\u0151 kisebbs\u00e9gi \u00fczletr\u00e9sz\u00e9t, amelybe 2015-ben fektetett be. A t\u0151kebevon\u00e1s mellett a v\u00e1llalatot GINOP p\u00e1ly\u00e1zati t\u00e1mogat\u00e1s is seg\u00edtette abban, hogy mintegy 1 milli\u00e1rd forint \u00e9rt\u00e9k\u0171 beruh\u00e1z\u00e1sokat hajtson v\u00e9gre.<\/p>\n<p>Mivel azonban a forr\u00e1sok cs\u00f6kken\u00e9s\u00e9re lehet sz\u00e1m\u00edtani, az elk\u00f6vetkezend\u0151 id\u0151szakban m\u00e1r \u00e9rdemes megkezdeni\u00fck a kkv-knak a felk\u00e9sz\u00fcl\u00e9st is a visszat\u00e9r\u00edtend\u0151 forr\u00e1sok (hitel, kombin\u00e1lt hitel, kock\u00e1zati t\u0151ke) bevon\u00e1s\u00e1hoz sz\u00fcks\u00e9ges alkalmass\u00e1g kialak\u00edt\u00e1s\u00e1ra. Az Uni\u00f3 t\u00e1mogat\u00e1si rendszer\u00e9nek m\u00f3dos\u00edt\u00e1sa a magyar gazdas\u00e1g \u00e9s a kkv-k n\u00f6veked\u00e9s\u00e9t k\u00f6z\u00e9p- \u00e9s hossz\u00fat\u00e1von fogja seg\u00edteni, hiszen a kihelyezend\u0151 p\u00e9nz\u00fcgyi eszk\u00f6z\u00f6k hat\u00e9konyabban t\u00e1mogathatj\u00e1k a v\u00e1llalkoz\u00e1s hossz\u00fa t\u00e1v\u00fa fejl\u0151d\u00e9s\u00e9t: visszafizet\u00e9s\u00fck a v\u00e1llalkoz\u00e1sok p\u00e9nz\u00fcgyi strat\u00e9gi\u00e1j\u00e1nak alapos kidolgoz\u00e1s\u00e1t \u00e9s megval\u00f3s\u00edt\u00e1s\u00e1t k\u00f6veteli meg, \u00edgy nem csak k\u00f6zvetlen\u00fcl, de k\u00f6zvetve is k\u00e9pesek stabiliz\u00e1lni a c\u00e9g p\u00e9nz\u00fcgyi helyzet\u00e9t, likvidit\u00e1s\u00e1t.<\/p>\n<p>Forr\u00e1s: piacesprofit.hu<\/p>\n","protected":false},"featured_media":11932,"template":"","class_list":["post-11922","blog","type-blog","status-publish","has-post-thumbnail","hentry"],"acf":[],"_links":{"self":[{"href":"https:\/\/www.szta.hu\/en\/wp-json\/wp\/v2\/blog\/11922","targetHints":{"allow":["GET"]}}],"collection":[{"href":"https:\/\/www.szta.hu\/en\/wp-json\/wp\/v2\/blog"}],"about":[{"href":"https:\/\/www.szta.hu\/en\/wp-json\/wp\/v2\/types\/blog"}],"wp:featuredmedia":[{"embeddable":true,"href":"https:\/\/www.szta.hu\/en\/wp-json\/"}],"wp:attachment":[{"href":"https:\/\/www.szta.hu\/en\/wp-json\/wp\/v2\/media?parent=11922"}],"curies":[{"name":"wp","href":"https:\/\/api.w.org\/{rel}","templated":true}]}}