{"id":1470,"date":"2015-04-14T08:41:04","date_gmt":"2015-04-14T08:41:04","guid":{"rendered":"http:\/\/www.blog.sztateszt.7digits.net\/blog\/harom-tenyezo-amely-megmozgatta-a-vallalkozasokat\/"},"modified":"2015-04-14T08:41:04","modified_gmt":"2015-04-14T08:41:04","slug":"harom-tenyezo-amely-megmozgatta-a-vallalkozasokat","status":"publish","type":"blog","link":"https:\/\/www.szta.hu\/en\/blog\/harom-tenyezo-amely-megmozgatta-a-vallalkozasokat\/","title":{"rendered":"H\u00e1rom t\u00e9nyez\u0151, amely megmozgatta a v\u00e1llalkoz\u00e1sokat"},"content":{"rendered":"<p style=\"text-align: justify;\"><strong><a href=\"https:\/\/szta.hu\/wp-content\/uploads\/2015\/04\/vallalkozo_fut.jpg\" rel=\"nofollow noopener\" target=\"_blank\"><img fetchpriority=\"high\" decoding=\"async\" class=\"alignleft size-medium wp-image-2411\" src=\"https:\/\/szta.hu\/wp-content\/uploads\/2015\/04\/vallalkozo_fut-300x200.jpg\" alt=\"vallalkozo_fut\" width=\"300\" height=\"200\" \/><\/a>A v\u00e1llalkoz\u00f3 sz\u00f3 jelent\u00e9se \u00e9s meg\u00edt\u00e9l\u00e9se is jelent\u0151sen v\u00e1ltozott az ut\u00f3bbi id\u0151kben, m\u00e9gpedig pozit\u00edv ir\u00e1nyba. Ez nem csak az\u00e9rt kiemelten fontos, mert a v\u00e1llalkoz\u00f3i k\u00f6r nagym\u00e9rt\u00e9kben hozz\u00e1j\u00e1rul az orsz\u00e1g piacainak \u00e9l\u00e9nk\u00fcl\u00e9s\u00e9hez, ez\u00e1ltal a gazdas\u00e1gi n\u00f6veked\u00e9shez, de a pezsg\u0151 v\u00e1llalati szf\u00e9ra az orsz\u00e1ghat\u00e1rokon k\u00edv\u00fclr\u0151l \u00e9rkez\u0151 t\u0151k\u00e9t is vonzza. \u00d6sszegy\u0171jt\u00f6tt\u00fcnk h\u00e1rom olyan t\u00e9nyez\u0151t, amely a legnagyobb hat\u00e1ssal van a v\u00e1llalkoz\u00f3i k\u00f6rnyezet folyamatos v\u00e1ltoz\u00e1s\u00e1ra.<\/strong><\/p>\n<p style=\"text-align: justify;\"><strong>A gazdas\u00e1gi v\u00e1ls\u00e1g<\/strong><\/p>\n<p style=\"text-align: justify;\">M\u00e1r h\u00e9t \u00e9ve annak, hogy kirobbant a vil\u00e1ggazdas\u00e1gi v\u00e1ls\u00e1g, amelynek k\u00f6vetkezt\u00e9ben sz\u00e1mos v\u00e1llalkoz\u00e1s volt k\u00e9nytelen leh\u00fazni a rol\u00f3t, \u00e9s t\u00f6bben vannak, akik m\u00e9g ma is \u00e9rzik a hat\u00e1s\u00e1t. A v\u00e1llalkoz\u00f3k jelent\u0151s r\u00e9sze olyan helyzetbe ker\u00fclt, \u00e9s olyan kih\u00edv\u00e1sokkal n\u00e9zett szembe, amellyel kor\u00e1bban m\u00e9g nem tal\u00e1lkozott, f\u0151leg nem glob\u00e1lis szinten. T\u00f6bb\u00fck olyan l\u00e9p\u00e9sekre k\u00e9nyszer\u00fclt, amelyek a c\u00e9g fennmarad\u00e1s\u00e1t is vesz\u00e9lyeztett\u00e9k (pl. le\u00e9p\u00edt\u00e9sek, elbocs\u00e1t\u00e1sok, termel\u00e9s cs\u00f6kkent\u00e9se). Mondhatni, a v\u00e1llalkoz\u00f3i szf\u00e9ra megm\u00e9rettetett.<!--more--><\/p>\n<p style=\"text-align: justify;\">Akik sikeresen tudt\u00e1k venni az akad\u00e1lyokat, azok vissza tudt\u00e1k korm\u00e1nyozni a c\u00e9get a norm\u00e1lis m\u0171k\u00f6d\u00e9sbe. Akik ezzel a helyzettel m\u00e9g piacot is nyertek \u00e9s n\u00f6velt\u00e9k eredm\u00e9ny\u00fcket, azok m\u00e1r nyertesnek mondhatj\u00e1k magukat. A v\u00e1llalkoz\u00e1sok rengeteget tanulhattak a helyzetb\u0151l, \u00edgy rutinosabban reag\u00e1lhatnak \u00fajabb neh\u00e9zs\u00e9gekre, sz\u00e1rmazzon a megszerzett tapasztalat ak\u00e1r a vezet\u0151 l\u00e9lekjelenl\u00e9t\u00e9b\u0151l, ak\u00e1r a menedzsment k\u00e9pess\u00e9geib\u0151l, ak\u00e1r a dolgok szerencs\u00e9s \u00e1ll\u00e1s\u00e1b\u00f3l.<\/p>\n<p style=\"text-align: justify;\">Az SZTA is t\u00f6bb olyan v\u00e1llalkoz\u00e1ssal l\u00e9pett egy\u00fcttm\u0171k\u00f6d\u00e9sre, amely sikeresen vette az akad\u00e1lyokat, \u00e9s az Alap kock\u00e1zati t\u0151k\u00e9j\u00e9nek kihaszn\u00e1l\u00e1s\u00e1val n\u00f6veked\u0151 p\u00e1ly\u00e1ra \u00e1llt. A neh\u00e9z id\u0151szakb\u00f3l sikeresen kil\u00e9p\u0151 c\u00e9g egyfajta garanci\u00e1t jelenthet a befektet\u0151nek arra, hogy megfelel\u0151 tulajdonost\u00e1rssal szerz\u0151dik. Az SZTA c\u00e9gportf\u00f3li\u00f3i k\u00f6z\u00fcl p\u00e9ld\u00e1ul a <a href=\"https:\/\/www.szta.hu\/en\/tarsbefektetovel-kozosen-emelt-toket-az-szta-egy-csaladi-vallalkozasban\/\" target=\"_blank\" rel=\"noopener nofollow\">Baracsi-Palett\u00e1r\u00f3l<\/a>, a <a href=\"https:\/\/www.szta.hu\/en\/legy-kitarto-vallalkozo-a-befekteto-cegek-azt-szeretik\/\" target=\"_blank\" rel=\"noopener nofollow\">Gr\u00f3f Kft.-r\u0151l<\/a> vagy az <a href=\"https:\/\/www.szta.hu\/en\/legy-kitarto-vallalkozo-a-befekteto-cegek-azt-szeretik\/\" target=\"_blank\" rel=\"noopener nofollow\">Aut\u00f3-F\u00fcredr\u0151l<\/a> is elmondhat\u00f3 ez.<\/p>\n<p style=\"text-align: justify;\"><strong>A startupok elterjed\u00e9se<\/strong><\/p>\n<p style=\"text-align: justify;\">A v\u00e1llalkoz\u00f3i szf\u00e9r\u00e1t jelent\u0151s m\u00e9rt\u00e9kben megnyitotta a <a href=\"https:\/\/www.szta.hu\/en\/startup-e-a-fodrasz\/\" target=\"_blank\" rel=\"noopener nofollow\">startupok<\/a> elterjed\u00e9se. A startup-sztori k\u00e9pe t\u00f6bb olyan v\u00e1llalkoz\u00f3t is megmozgatott, aki p\u00e9ld\u00e1ul egy klasszikus v\u00e1llalkoz\u00e1s elind\u00edt\u00e1s\u00e1ban nem l\u00e1tott elegend\u0151 fant\u00e1zi\u00e1t. A kirobban\u00f3 siker, a vonz\u00f3 sztori, a t\u00e1rsadalmi \u00e9s piaci szok\u00e1sok v\u00e1ltoz\u00e1sa sz\u00e9lesebb r\u00e9tegek sz\u00e1m\u00e1ra jelent lehet\u0151s\u00e9get. Mivel a technikai fejl\u0151d\u00e9snek k\u00f6sz\u00f6nhet\u0151en ma m\u00e1r mindenhov\u00e1 eljutnak olyan t\u00f6rt\u00e9netek, amelyek h\u00e9tk\u00f6znapi emberek startupok-kezdem\u00e9nyez\u00e9seir\u0151l sz\u00e1molnak be, k\u00f6vetend\u0151 p\u00e9ld\u00e1t helyezve a v\u00e1llalkoz\u00f3 kedv\u0171ek el\u00e9.<\/p>\n<p style=\"text-align: justify;\">Az pedig m\u00e9g ink\u00e1bb \u00f6szt\u00f6nz\u0151 hat\u00e1ssal b\u00edr, hogy egyre t\u00f6bb lehet\u0151s\u00e9g van kock\u00e1zati t\u0151ke ig\u00e9nyl\u00e9s\u00e9re a v\u00e1llalkoz\u00e1s legk\u00fcl\u00f6nb\u00f6z\u0151bb \u00e9letszakaszaiban, k\u00fcl\u00f6nb\u00f6z\u0151 \u00f6sszegekre \u00e9s felt\u00e9telekkel. A v\u00e1llalkoz\u00f3 mondhatni m\u00e1r sokkal ink\u00e1bb \u201eegy k\u00f6z\u00fcl\u00fcnk\u201d, mintsem egy k\u00fcl\u00f6n csoport tagja.<\/p>\n<p style=\"text-align: justify;\"><strong>A k\u00f6z\u00f6ss\u00e9gi l\u00e9t feler\u0151s\u00f6d\u00e9se<\/strong><\/p>\n<p style=\"text-align: justify;\">A k\u00f6z\u00f6ss\u00e9gi m\u00e9dia ma m\u00e1r nem csak az egy\u00e9n \u00e9let\u00e9t veszi k\u00f6r\u00fcl, de m\u00e1r a c\u00e9gek is egyre ink\u00e1bb r\u00e1j\u00f6ttek, hogy \u00e9rdemes kihaszn\u00e1lni az el\u0151nyeit. A t\u00f6rt\u00e9net viszont nem \u00e1ll meg a k\u00f6z\u00f6ss\u00e9gi m\u00e9di\u00e1n\u00e1l, ugyanis itt sokkal t\u00f6bbr\u0151l van sz\u00f3, mint a Facebook vagy a LinkedIn haszn\u00e1lata. A k\u00f6z\u00f6ss\u00e9ghez tartoz\u00e1s, vagy \u00e9ppen a t\u00f6meg- (<em>crowd-<\/em>) el\u0151tag egyre ink\u00e1bb begy\u0171r\u0171z\u0151dik a v\u00e1llalkoz\u00f3i l\u00e9tbe is, igaz, Magyarorsz\u00e1gon egyel\u0151re ez egy viszonylag lassabb folyamat.<\/p>\n<p style=\"text-align: justify;\">A v\u00e1llalkoz\u00e1sok eset\u00e9ben a k\u00f6z\u00f6ss\u00e9g legink\u00e1bb egy h\u00e1l\u00f3zatk\u00e9nt k\u00e9pzelhet\u0151 el, ahol az emberi kapcsolatok \u00e9s a megoszt\u00e1sok szerepe jelent\u0151s m\u00e9rt\u00e9kben <a href=\"https:\/\/privatbankar.hu\/kkv\/igy-mossak-tisztara-a-vallalkozo-szot-zaboji-peter-a-tokekeresesrol-278740\" target=\"_blank\" rel=\"noopener nofollow\">fel\u00e9rt\u00e9kel\u0151dik<\/a>, \u00e9s kev\u00e9sb\u00e9 fontos a rang, a poz\u00edci\u00f3. Az eredm\u00e9nyt a h\u00e1l\u00f3zat tagjainak \u00f6sszefog\u00e1s\u00e1val lehet hat\u00e9konyan el\u00e9rni, ahol valamennyi tag egyenrang\u00fa. Egy ilyen v\u00e1llalati k\u00f6z\u00f6ss\u00e9gi h\u00e1l\u00f3 egyik szeml\u00e9ltet\u0151 p\u00e9ld\u00e1ja lehet a <a href=\"https:\/\/www.szta.hu\/en\/miert-erdemes-a-cegeknek-klaszterekbe-tomorulni\/\" target=\"_blank\" rel=\"noopener nofollow\">klaszter<\/a>, amelynek el\u0151nyeir\u0151l m\u00e1r kor\u00e1bban is \u00edrtunk. De ugyan\u00fagy v\u00e1llalati k\u00f6z\u00f6ss\u00e9gnek lehet tekinteni egy <a href=\"https:\/\/www.szta.hu\/en\/miert-jo-egy-tokealap-cegportfoliojaba-tartozni\/\" target=\"_blank\" rel=\"noopener nofollow\">befektet\u0151 c\u00e9gportf\u00f3li\u00f3j\u00e1t<\/a>, ahol maga a befektet\u0151 is a h\u00e1l\u00f3 szerves tagja.<\/p>","protected":false},"featured_media":0,"template":"","class_list":["post-1470","blog","type-blog","status-publish","hentry"],"acf":[],"_links":{"self":[{"href":"https:\/\/www.szta.hu\/en\/wp-json\/wp\/v2\/blog\/1470","targetHints":{"allow":["GET"]}}],"collection":[{"href":"https:\/\/www.szta.hu\/en\/wp-json\/wp\/v2\/blog"}],"about":[{"href":"https:\/\/www.szta.hu\/en\/wp-json\/wp\/v2\/types\/blog"}],"wp:attachment":[{"href":"https:\/\/www.szta.hu\/en\/wp-json\/wp\/v2\/media?parent=1470"}],"curies":[{"name":"wp","href":"https:\/\/api.w.org\/{rel}","templated":true}]}}