{"id":15689,"date":"2017-12-11T00:00:00","date_gmt":"2017-12-11T00:00:00","guid":{"rendered":"http:\/\/www.blog.sztateszt.7digits.net\/a-konyvpiac-egyik-legizgalmasabb-markajat-epiti-egy-magyar-kisvallalkozas\/"},"modified":"2017-12-11T00:00:00","modified_gmt":"2017-12-11T00:00:00","slug":"a-konyvpiac-egyik-legizgalmasabb-markajat-epiti-egy-magyar-kisvallalkozas","status":"publish","type":"blog","link":"https:\/\/www.szta.hu\/en\/blog\/a-konyvpiac-egyik-legizgalmasabb-markajat-epiti-egy-magyar-kisvallalkozas\/","title":{"rendered":"A k\u00f6nyvpiac egyik legizgalmasabb m\u00e1rk\u00e1j\u00e1t \u00e9p\u00edti egy magyar kisv\u00e1llalkoz\u00e1s"},"content":{"rendered":"<p><strong><img fetchpriority=\"high\" decoding=\"async\" class=\"alignleft wp-image-15661 size-medium\" src=\"https:\/\/szta.hu\/wp-content\/uploads\/2017\/12\/Bereznay_Tamas_Egyserpenyos_receptek_latvany-300x200.png\" alt=\"Bereznay Tam\u00e1s Egyserpeny\u0151s receptek\" width=\"300\" height=\"200\" \/>Az olvas\u00f3k im\u00e1dj\u00e1k ig\u00e9nyes kiadv\u00e1nyaikat, a nagy \u00e1ruh\u00e1zl\u00e1ncok alig v\u00e1rj\u00e1k, hogy polcaikon az \u0151 bor\u00edt\u00f3ik d\u00edszelegjenek, elad\u00e1saik \u00e9vr\u0151l \u00e9vre ugr\u00e1sszer\u0171en n\u00f6vekednek, \u00e9s m\u00e9g mindig csak az \u00fat elej\u00e9n j\u00e1rnak. A <a href=\"https:\/\/szta.hu\/blog\/a-siker-receptjet-fozi-az-szta-legfrissebb-befektetese\/\" target=\"_blank\" rel=\"noopener nofollow\">BOOOK Kiad\u00f3t<\/a> \u00e9rdemes lesz figyelemmel k\u00f6vetni, mert a magyar k\u00f6nyvpiac egyik legizgalmasabb c\u00e9ges sztorija bontakozik ki a szem\u00fcnk el\u0151tt. Ebben pedig nagy szerepet j\u00e1tszik a Sz\u00e9chenyi T\u0151kebefektet\u00e9si Alap is, amely 2015-ben 50 milli\u00f3 forintot fektetett a v\u00e1llalkoz\u00e1sba.<\/strong> <\/p>\n<p style=\"text-align: center;\"><em>Az al\u00e1bbiakban nem csak egy izgalmas m\u00e1rka t\u00f6rt\u00e9net\u00e9r\u0151l olvashatsz, de n\u00e9h\u00e1ny tippel seg\u00edt\u00fcnk egy-k\u00e9t kar\u00e1csonyi aj\u00e1nd\u00e9k kiv\u00e1laszt\u00e1s\u00e1ban is.<\/em><\/p>\n<p> A k\u00f6nyvpiac rendk\u00edv\u00fcl t\u0151keig\u00e9nyes szektor, egy-egy kiadv\u00e1ny elk\u00e9sz\u00edt\u00e9se ak\u00e1r t\u00f6bb mint egy \u00e9vet is ig\u00e9nyel, a kiad\u00e1s ut\u00e1n pedig \u2013 a k\u00f6nyv ir\u00e1nt mutatkoz\u00f3 \u00e9rdekl\u0151d\u00e9s f\u00fcggv\u00e9ny\u00e9ben \u2013 ak\u00e1r tov\u00e1bbi egy vagy k\u00e9t \u00e9v is eltelhet, am\u00edg a k\u00f6lts\u00e9gek megt\u00e9r\u00fclnek. Ez alatt pedig a v\u00e1llalkoz\u00e1snak folyamatosan fedeznie kell a havi \u00e9s eseti k\u00f6lts\u00e9geit. A k\u00f6nyvnyomtat\u00e1s mint hagyom\u00e1nyos \u00e1gazat a saj\u00e1toss\u00e1gai miatt nem tartozik a t\u0151kebefektet\u0151k f\u0151 c\u00e9lpiacai k\u00f6z\u00e9, s\u0151t. Nem sok befektet\u0151t tal\u00e1lunk, aki ak\u00e1r csak es\u00e9lyt adna a szektornak, hogy r\u00e1tal\u00e1ljon egy-k\u00e9t hossz\u00fa t\u00e1v\u00fa n\u00f6veked\u00e9sre k\u00e9pes v\u00e1llalkoz\u00e1sra.  Pedig a magyar piacon is tal\u00e1lhatunk olyan kiad\u00f3kat, amelyek egyr\u00e9szt k\u00f6zelr\u0151l figyelik a v\u00e1s\u00e1rl\u00f3i szok\u00e1sok alakul\u00e1s\u00e1t, \u00e9s k\u00e9pesek ezekre rugalmasan reag\u00e1lni, m\u00e1sr\u00e9szt olyan hi\u00e1nyp\u00f3tl\u00f3, min\u0151s\u00e9gi term\u00e9keket tudnak k\u00edn\u00e1lni olvas\u00f3iknak, amelyek mind tartalmi, mind formai szempontb\u00f3l egyed\u00fcl\u00e1ll\u00f3 kiadv\u00e1nyok; egyszerre \u00e9rdekes olvasm\u00e1nyok, l\u00e1tv\u00e1nyos fot\u00f3k\u00f6nyvek, haszn\u00e1lati eszk\u00f6z\u00f6k \u00e9s aj\u00e1nd\u00e9kok is, \u00e9s egy e-book aligha fogja visszaadni azt az \u00e9lm\u00e9nyt, amit egy lapozhat\u00f3 kiadv\u00e1ny k\u00edn\u00e1l. Igen, itt els\u0151sorban a BOOOK Kiad\u00f3 izgalmas term\u00e9kportf\u00f3li\u00f3j\u00e1r\u00f3l van sz\u00f3. <\/p>\n<p style=\"text-align: center;\"><strong>Hogyan indult a BOOOK Kiad\u00f3?<\/strong><\/p>\n<p> <img decoding=\"async\" class=\"alignright wp-image-15631\" src=\"https:\/\/szta.hu\/wp-content\/uploads\/2017\/12\/Bereznay_Tamas_Hungarian_Dessert_Book-249x300.jpg\" alt=\"Bereznay Tam\u00e1s Hungarian Dessert Book\" width=\"236\" height=\"284\" \/>A BOOOK Kiad\u00f3t 2009-ben, k\u00f6zvetlen\u00fcl a gazdas\u00e1gi v\u00e1ls\u00e1g ut\u00e1n alap\u00edtott\u00e1k. Ekkor a tulajdonosoknak m\u00e9g kev\u00e9s tapasztalatuk volt a k\u00f6nyvpiaccal kapcsolatban, egy j\u00f3 alapokra \u00e9p\u00edt\u0151 v\u00e1llalkoz\u00e1s elind\u00edt\u00e1s\u00e1hoz azonban megvolt az elk\u00e9pzel\u00e9s, az amb\u00edci\u00f3 \u00e9s az \u00fczleti \u00e9rt\u00e9k. T\u00f6bbek k\u00f6z\u00f6tt Sz\u00e9plaki P\u00e9ter \u00fcgyvezet\u0151 \u00e9s Bereznay Tam\u00e1s szt\u00e1rs\u00e9f \u2013 akik az\u00f3ta is tulajdonosok a c\u00e9gben \u2013\u00a0 kiadt\u00e1k az els\u0151 k\u00f6nyvet <em>Mai magyar konyha<\/em> c\u00edmen, amelyben Bereznay Tam\u00e1s mutatja be a hazai konyham\u0171v\u00e9szet sokoldal\u00fas\u00e1g\u00e1t. A k\u00f6nyv 2009-ben a kar\u00e1csonyi id\u0151szak egyik bestsellere lett.  Ezt k\u00f6vet\u0151en a kiad\u00f3 a hazai gasztron\u00f3mia t\u00f6bb neves tagj\u00e1val is egy\u00fcttm\u0171k\u00f6d\u00f6tt. T\u00f6bbek k\u00f6z\u00f6tt Segal Viktor, Havas D\u00f3ra (Lila F\u00fcge) vagy Bede Anna toll\u00e1b\u00f3l (\u00e9s fakanal\u00e1b\u00f3l) is sz\u00fcletett izgalmas receptk\u00f6nyv, mik\u00f6zben a kiad\u00f3 a konyham\u0171v\u00e9szeten k\u00edv\u00fcli t\u00e9mak\u00f6r\u00f6kben is megjelentetett egy-egy k\u00f6nyvet, \u00e9s az angol nyelv\u0171 kiadv\u00e1nyokkal is sikereket aratott (a Hungarian Dessert Book pedig id\u00e9n <a href=\"https:\/\/szta.hu\/blog\/magyar-konyv-lett-vilag-legjobb-sutemenyes-szakacskonyve\/\" target=\"_blank\" rel=\"noopener nofollow\">a vil\u00e1g legjobb s\u00fctem\u00e9nyes szak\u00e1csk\u00f6nyv\u00e9nek j\u00e1r\u00f3 d\u00edjat<\/a> is megnyerte). <\/p>\n<p style=\"text-align: center;\"><strong>T\u0151kebevon\u00e1s: egy \u00faj id\u0151sz\u00e1m\u00edt\u00e1s kezdete<\/strong><\/p>\n<p> Az ism\u00e9tl\u0151d\u0151 siker hamar od\u00e1ig juttathat egy v\u00e1llalkoz\u00e1st, hogy a tov\u00e1bbi ig\u00e9nyek kiszolg\u00e1l\u00e1s\u00e1hoz \u00e9s a lehet\u0151s\u00e9gek kiakn\u00e1z\u00e1s\u00e1hoz k\u00e9nytelen b\u0151v\u00fclni. A BOOOK a kock\u00e1zati t\u0151ke \u00e9s a Sz\u00e9chenyi T\u0151kebefektet\u00e9si Alap mellett d\u00f6nt\u00f6ttek. Sz\u00e9plaki P\u00e9ter szerint a t\u0151kebefektet\u00e9s n\u00e9lk\u00fcl nem tudtak volna akkor tov\u00e1bb m\u0171k\u00f6dni, \u00edgy 2015-ben mondhatni egy teljesen \u00faj lehet\u0151s\u00e9get kapott a c\u00e9g a piac megh\u00f3d\u00edt\u00e1s\u00e1ra, amellyel siker\u00fcl is \u00e9lnie.  [post_newsletter title=&#8221;Iratkozzon fel h\u00edrlevel\u00fcnkre!&#8221;][\/post_newsletter]  A kock\u00e1zati t\u0151ke mint finansz\u00edroz\u00e1si forma illeszkedett az \u00fczleti c\u00e9ljaikhoz, illetve fontos \u00e9rv volt mellette az is, hogy egy k\u00fcls\u0151, szakmai partner seg\u00edteni tudja a c\u00e9g szakmai fejl\u0151d\u00e9s\u00e9t \u00e9s tanul\u00e1si folyamat\u00e1t. Az SZTA-t egyr\u00e9szt egy rendk\u00edv\u00fcl er\u0151s \u00fczleti koncepci\u00f3val, m\u00e1sr\u00e9szt a tulajdonosok elhivatotts\u00e1g\u00e1val, ambici\u00f3zuss\u00e1g\u00e1val gy\u0151zt\u00e9k meg. A csapat m\u00e1r a legelej\u00e9n l\u00e1tta, hogy a tagok hozz\u00e1\u00e1ll\u00e1sa legal\u00e1bb olyan fontos, mint a szakmai m\u00falt.  Az 50 milli\u00f3 forintos befektet\u00e9snek k\u00f6sz\u00f6nhet\u0151en a c\u00e9g azt\u00e1n \u00faj p\u00e1ly\u00e1ra tudott \u00e1llni. 2015-ben \u00e9s 2016-ban jelent\u0151sen megugrott az \u00e1rbev\u00e9tel\u00fck, \u00e9s m\u00e1r az idei \u00e9v is el\u00e9g er\u0151s forgalom-n\u00f6veked\u00e9st mutat, pedig a kar\u00e1csonyi id\u0151szak m\u00e9g h\u00e1travan. A csapat is folyamatosan b\u0151v\u00fcl a befektet\u00e9s \u00f3ta, a kor\u00e1bbi h\u00e1romf\u0151s csapat ma m\u00e1r kilencf\u0151s. Tavaly ny\u00e1ron pedig kisebb irod\u00e1jukb\u00f3l siker\u00fclt \u00e1tk\u00f6lt\u00f6zni\u00fck egy t\u00e1gasba, ahol gy\u00e1rt\u00f3k\u00f6zpontot \u00e9s rendezv\u00e9nyhelysz\u00ednt is kialak\u00edtottak. Azt \u00e9rdemes tudni, hogy a receptk\u00f6nyvek valamennyi fog\u00e1s\u00e1t ebben a K\u00f6nyves K\u00e1lm\u00e1n k\u00f6r\u00fati irod\u00e1ban k\u00e9sz\u00edtik, k\u00f3stolj\u00e1k \u00e9s fot\u00f3zz\u00e1k, ennek eredm\u00e9nye az a rengeteg l\u00e1tv\u00e1nyos k\u00e9p, amely az \u00fajabb receptk\u00f6nyveket sz\u00ednes\u00edti. <\/p>\n<p style=\"text-align: center;\"><strong><em>A hely pedig <\/em><\/strong><a href=\"https:\/\/www.boook.hu\/hu\/boook-kitchen\/\" target=\"_blank\" rel=\"noopener nofollow\"><strong><em>kiv\u00e1l\u00f3an alkalmas<\/em><\/strong><\/a><strong><em> z\u00e1rtk\u00f6r\u0171 \u00f6sszej\u00f6vetelek, nagyobb volumen\u0171 rendezv\u00e9nyek, k\u00f6tetlen csapat\u00e9p\u00edt\u00e9sek, c\u00e9ges vacsor\u00e1k vagy csal\u00e1dias \u00fcnnepi alkalmak megszervez\u00e9s\u00e9re is. M\u00e1r sz\u00e1mos kisebb c\u00e9g \u00e9s nagyv\u00e1llalat k\u00e9pvisel\u0151i v\u00e1lasztott\u00e1k az egyedi hangulat\u00fa k\u00f6z\u00f6ss\u00e9gi teret VIP-rendezv\u00e9ny\u00fck helysz\u00edn\u00e9\u00fcl.<\/em><\/strong><\/p>\n<p style=\"text-align: center;\"><img decoding=\"async\" class=\"aligncenter size-large wp-image-15641\" src=\"https:\/\/szta.hu\/wp-content\/uploads\/2017\/12\/BOOOK_Kitchen-1024x669.jpg\" alt=\"BOOOK Kitchen\" width=\"1024\" height=\"669\" \/><\/p>\n<p style=\"text-align: center;\"><strong>A BOOOK mint izgalmas magyar brand<\/strong><\/p>\n<p> M\u00edg a kezdetekben a BOOOK m\u00e1rk\u00e1ja els\u0151sorban neves szerz\u0151ik szem\u00e9lyes m\u00e1rk\u00e1j\u00e1ra \u00e9p\u00edtett, azaz a polcokon a fogyaszt\u00f3k els\u0151sorban p\u00e9ld\u00e1ul Bereznay-k\u00f6tetet, \u00e9s nem BOOOK-kiadv\u00e1nyt kerestek, addig m\u00e1ra a kiad\u00f3 egy olyan brandet \u00e9p\u00edtett fel, amelyet az olvas\u00f3k, valamint a partnerek is ismernek \u00e9s szeretnek, amely k\u00f6nnyen megk\u00fcl\u00f6nb\u00f6ztethet\u0151 \u00e9s egyedi \u00e9rt\u00e9kaj\u00e1nlattal rendelkezik. Teh\u00e1t aki a kez\u00e9be vesz egy \u00faj BOOOK-kiadv\u00e1nyt, tudja, mire sz\u00e1m\u00edthat. Egyedi, ig\u00e9nyesen meg\u00edrt tartalomra, izgalmas fel\u00e9p\u00edt\u00e9sre, fot\u00f3albumba k\u00edv\u00e1nkoz\u00f3 f\u00e9nyk\u00e9pekre, kis csavarokra, felfedezend\u0151 apr\u00f3 r\u00e9szletekre. Egysz\u00f3val olyan min\u0151s\u00e9gi term\u00e9kre, amely lehet\u0151v\u00e9 teszi, hogy kiemelked\u0151v\u00e9 tegyen egy kisv\u00e1llalkoz\u00e1st a k\u00f6nyvpiacon.  <img loading=\"lazy\" decoding=\"async\" class=\"alignright wp-image-15671 size-medium\" src=\"https:\/\/szta.hu\/wp-content\/uploads\/2017\/12\/Torok_Eszter_Viszlat_cukor_es_feher_liszt-281x300.png\" alt=\"\" width=\"281\" height=\"300\" \/>  A BOOOK-k\u00f6nyvek m\u00e1ra az eg\u00e9sz orsz\u00e1gban, szinte valamennyi k\u00f6nyv\u00e1ruh\u00e1zban \u00e9s szupermarketl\u00e1ncban, s\u0151t mi t\u00f6bb rendezv\u00e9nyhelysz\u00edneken \u00e9s kisebb partnerekn\u00e9l, p\u00e9ld\u00e1ul \u00e9ttermekben is el\u00e9rhet\u0151ek. Ez t\u00f6bbek k\u00f6z\u00f6tt annak is k\u00f6sz\u00f6nhet\u0151, hogy sz\u00e1mos partner maga keresi meg a kiad\u00f3t, hogy k\u00edn\u00e1latukban az \u0151 k\u00fcl\u00f6nleges k\u00f6nyveik is el\u00e9rhet\u0151v\u00e9 v\u00e1ljanak. A top 100-as k\u00f6nyves sikerlist\u00e1kon \u00e1ltal\u00e1ban mindig megtal\u00e1lhat\u00f3 10-12 BOOOK-k\u00f6nyv, mik\u00f6zben a kiad\u00f3 a fenn\u00e1ll\u00e1sa alatt \u00f6sszesen ennek kb. a dupl\u00e1j\u00e1t adta ki.  A legn\u00e9pszer\u0171bbek a tudatos \u00e9tkez\u00e9sr\u0151l sz\u00f3l\u00f3 k\u00f6nyvek (pl. <a href=\"https:\/\/www.boook.hu\/hu\/shop\/dr-andrasi-nora-mindenmentes-2\/\" target=\"_blank\" rel=\"noopener nofollow\"><em>Mindenmentes<\/em><\/a>, <a href=\"https:\/\/www.boook.hu\/hu\/shop\/nagy-zita-mit-eszik-vega-gyerek\/\" target=\"_blank\" rel=\"noopener nofollow\"><em>Mit eszik a vega gyerek?<\/em><\/a>, <a href=\"https:\/\/www.boook.hu\/hu\/shop\/hadarik-rita-gluten-nelkul\/\" target=\"_blank\" rel=\"noopener nofollow\"><em>Glut\u00e9n n\u00e9lk\u00fcl<\/em><\/a>, <a href=\"https:\/\/www.boook.hu\/hu\/shop\/torok-eszterviszlat-cukor-feher-liszt\/\" target=\"_blank\" rel=\"noopener nofollow\"><em>Viszl\u00e1t, cukor \u00e9s feh\u00e9r liszt!<\/em><\/a>), de egyre nagyobb \u00e9rdekl\u0151d\u00e9s mutatkozik a kiad\u00f3 nem gasztron\u00f3miai t\u00e9m\u00e1j\u00fa kiadv\u00e1nyaira is (pl. <a href=\"https:\/\/www.boook.hu\/hu\/shop\/kisgyorgy-eva-travellina-vilagutazok-kezikonyve\/\" target=\"_blank\" rel=\"noopener nofollow\"><em>Travellina: Vil\u00e1gutaz\u00f3k k\u00e9zik\u00f6nyve<\/em><\/a>, <a href=\"https:\/\/www.boook.hu\/hu\/shop\/a-nagy-diy-konyv-te-is-meg-tudod-csinalni\/\" target=\"_blank\" rel=\"noopener nofollow\"><em>A nagy DIY k\u00f6nyv<\/em><\/a>, <a href=\"https:\/\/www.boook.hu\/hu\/shop\/toth-gyula-gabor-az-elvszett-boszorkany\/\" target=\"_blank\" rel=\"noopener nofollow\"><em>Az elveszett boszork\u00e1ny<\/em><\/a>). <\/p>\n<p style=\"text-align: center;\"><strong>Rajongani egy k\u00f6nyvkiad\u00f3\u00e9rt<\/strong><\/p>\n<p> B\u00e1r egy v\u00e1llalkoz\u00e1s kis m\u00e9rete gyakran jelent h\u00e1tr\u00e1nyt a piaci versenyben, a BOOOK k\u00e9pes ezt a saj\u00e1t jav\u00e1ra ford\u00edtani. A csapat friss \u00e9s profi, sokkal rugalmasabban \u00e9s gyorsabban tud reag\u00e1lni a piaci trendekre, mint egy t\u00f6bb vezet\u0151i szinttel m\u0171k\u00f6d\u0151 nagyv\u00e1llalat. Nemcsak figyelik \u00e9s elemzik a fogyaszt\u00f3i visszajelz\u00e9seket, de k\u00f6zvetlenebb kapcsolatot is alak\u00edtottak ki a k\u00f6vet\u0151kkel. A csapattagok rendk\u00edv\u00fcl sok ki\u00e1ll\u00edt\u00e1son, fesztiv\u00e1lon, rendezv\u00e9nyen jelen vannak, \u00e9s sz\u00edvesen elbesz\u00e9lgetnek b\u00e1rkivel b\u00e1rmir\u0151l. Nagyon sok olvas\u00f3jukat szem\u00e9lyesen is ismerik, \u00edgy rengeteg k\u00f6zvetlen visszajelz\u00e9s jut el hozz\u00e1juk.  A k\u00f6z\u00f6ss\u00e9gi m\u00e9di\u00e1ban, els\u0151sorban a <a href=\"https:\/\/www.facebook.com\/BoookKiado\/\" target=\"_blank\" rel=\"noopener nofollow\">Facebookon<\/a> egyre b\u0151v\u00fcl egy akt\u00edv \u00e9s lelkes k\u00f6z\u00f6ss\u00e9g, amely ma m\u00e1r t\u00f6bb mint 13 ezer k\u00f6vet\u0151t sz\u00e1ml\u00e1l. A kiad\u00f3 minden h\u00e9ten igyekszik a kedv\u00fckben j\u00e1rni valamilyen j\u00e1t\u00e9kkal vagy kedvezm\u00e9nnyel, ami\u00e9rt a k\u00f6z\u00f6ss\u00e9g is h\u00e1l\u00e1s. Emellett az <a href=\"https:\/\/www.instagram.com\/boookpublishing\/\" target=\"_blank\" rel=\"noopener nofollow\">Instagram-profiljukat<\/a> is \u00e9rdemes k\u00f6vetni, illetve <a href=\"https:\/\/www.youtube.com\/channel\/UCkQFRa0mbuoPoi_FfO-9F9w\/videos\" target=\"_blank\" rel=\"noopener nofollow\">YouTube-csatorn\u00e1jukon<\/a> sz\u00e1mos, kiadv\u00e1nnyal kapcsolatos vide\u00f3 megtekinthet\u0151. <\/p>\n<p style=\"text-align: center;\"><em>Decemberben k\u00fcl\u00f6n \u00e9rdemes k\u00f6vetni a Facebook-oldalukat, illetve kommentelni, ugyanis adventi j\u00e1t\u00e9kuk keret\u00e9ben december 22-ig minden nap lehet\u0151s\u00e9g ny\u00edlik egy-egy k\u00f6nyv megnyer\u00e9s\u00e9re.<\/em><\/p>\n<p> <img loading=\"lazy\" decoding=\"async\" class=\"aligncenter size-large wp-image-15691\" src=\"https:\/\/szta.hu\/wp-content\/uploads\/2017\/12\/Juditu_Dekor_alom-1024x560.jpg\" alt=\"Juditu Dekor.\u00e1lom\" width=\"1024\" height=\"560\" \/> <\/p>\n<p style=\"text-align: center;\"><strong>Milyen terveik vannak a k\u00f6vetkez\u0151 \u00e9vekre?<\/strong><\/p>\n<ol>\n<li>A hi\u00e1nyp\u00f3tl\u00f3 angol nyelv\u0171 kiadv\u00e1nyok hazai \u00e9s k\u00fclf\u00f6ldi sikere azt mutatja, hogy lenne ig\u00e9ny tov\u00e1bbi hasonl\u00f3 k\u00f6nyvekre. Az exporttev\u00e9kenys\u00e9g fellend\u00edt\u00e9se az els\u0151sz\u00e1m\u00fa k\u00f6z\u00e9pt\u00e1v\u00fa tervek k\u00f6z\u00f6tt szerepel. C\u00e9l, hogy a k\u00f6vetkez\u0151 \u00e9vekben tov\u00e1bbi 5-10 angol nyelv\u0171 BOOOK-k\u00f6nyv l\u00e1sson napvil\u00e1got.<\/li>\n<li>Az egyre b\u0151v\u00fcl\u0151 v\u00e1s\u00e1rl\u00f3i \u00e9s partneri k\u00f6r m\u00e9g teljesebb k\u00f6r\u0171 kiszolg\u00e1l\u00e1s\u00e1t egy \u00faj webshop l\u00e9trehoz\u00e1s\u00e1val k\u00edv\u00e1nj\u00e1k lehet\u0151v\u00e9 tenni, ezen m\u00e1r dolgozik a csapat.<\/li>\n<li>A folyamatos b\u0151v\u00fcl\u00e9s a szervezet struktur\u00e1lis \u00e1talak\u00edt\u00e1s\u00e1t is sz\u00fcks\u00e9gess\u00e9 teszi, amiben p\u00e9ld\u00e1ul az SZTA mint sz\u00e1mos v\u00e1llalkoz\u00e1sfejl\u0151d\u00e9st v\u00e9gigk\u00eds\u00e9r\u0151 kisebbs\u00e9gi tulajdonos is tud szakmai t\u00e1mogat\u00e1st ny\u00fajtani.<\/li>\n<\/ol>\n<p style=\"text-align: center;\"><strong>Milyen k\u00f6nyveket \u00e9rdemes beszerezned id\u00e9n kar\u00e1csonykor?<\/strong><\/p>\n<p> Term\u00e9szetesen a BOOOK teljes k\u00f6nyvk\u00edn\u00e1lat\u00e1b\u00f3l \u00e9rdemes szemezgetni, de mivel a leg\u00fajabb kiadv\u00e1nyokkal egyel\u0151re kevesebbszer tal\u00e1lkozhatt\u00e1l, mint a klasszikusokkal, ezek k\u00f6z\u00fcl aj\u00e1nlan\u00e1nk n\u00e9gy izgalmas c\u00edmet. Valamennyi mind saj\u00e1t haszn\u00e1latra, mind a csal\u00e1dnak vagy ismer\u0151snek meglepet\u00e9sk\u00e9nt remek v\u00e9tel. Na de l\u00e1ssuk \u0151ket!  <strong>M\u00e1rk Szonja: <a href=\"https:\/\/www.boook.hu\/hu\/shop\/mark-szonja-edes-ajandekok\/\" target=\"_blank\" rel=\"noopener nofollow\"><em>\u00c9des aj\u00e1nd\u00e9kok<\/em><\/a><\/strong>\u00a0\u2013 Az \u00c9desem cukr\u00e1szda tulajdonosa 41 finomabbn\u00e1l finomabb, otthon elk\u00e9sz\u00edthet\u0151 \u00e9des aj\u00e1nd\u00e9khoz ad \u00f6tleteket \u00e9s recepteket, hogy az \u00e9v b\u00e1rmely \u00fcnnepekor k\u00fcl\u00f6nleges finoms\u00e1gokkal lephess\u00fck meg bar\u00e1tainkat.  <strong>Bereznay Tam\u00e1s: <a href=\"https:\/\/www.boook.hu\/hu\/shop\/bereznay-tamas-egyserpenyos-receptek\/\" target=\"_blank\" rel=\"noopener nofollow\"><em>Egyserpeny\u0151s receptek<\/em><\/a><\/strong> \u2013 A <em>Hentesek <\/em>c\u00edm\u0171 f\u0151z\u0151m\u0171sor h\u00e1zigazd\u00e1j\u00e1nak, Bereznay Tam\u00e1s szt\u00e1rs\u00e9fnek a leg\u00fajabb k\u00f6nyve \u00f6tven \u00ednycsikland\u00f3, egy serpeny\u0151ben elk\u00e9sz\u00edthet\u0151 recepttel k\u00edv\u00e1n mind a kezd\u0151 szak\u00e1csok, mind a szuperhalad\u00f3k kedv\u00e9re tenni. A k\u00f6tetben hagyom\u00e1nyos \u00e9s k\u00fcl\u00f6nleges \u00e9telek, vag\u00e1ny \u00e9s k\u00f6nnyen elk\u00e9sz\u00edthet\u0151 fog\u00e1sok receptjeit \u00e9tv\u00e1gygerjeszt\u0151 fot\u00f3k f\u0171szerezik.  <strong>Varga Judit \u2013 Juditu: <a href=\"https:\/\/www.boook.hu\/hu\/shop\/varga-judit-juditu-dekor-alom\/\" target=\"_blank\" rel=\"noopener nofollow\"><em>DEKOR.\u00c1LOM<\/em><\/a><\/strong> \u2013 A n\u00e9pszer\u0171 Juditu blog \u00edr\u00f3j\u00e1nak els\u0151 k\u00f6nyve olyan n\u0151knek sz\u00f3l, akik \u00f6r\u00f6m\u00fcket lelik az alkot\u00e1sban, otthonuk sz\u00e9p\u00edt\u00e9s\u00e9ben, a saj\u00e1t kez\u0171leg k\u00e9sz\u00fclt, divatos kieg\u00e9sz\u00edt\u0151kben, \u00e9s akiknek fontos, hogy mindig egyediek \u00e9s st\u00edlusosak legyenek. A k\u00f6tet t\u00f6bb mint egy \u00f6tletad\u00f3 DIY-k\u00e9zik\u00f6nyv. Sokkal ink\u00e1bb st\u00edluskalauz, amely a projektekhez kapcsol\u00f3d\u00f3 tan\u00e1csok, tippek, szem\u00e9lyes t\u00f6rt\u00e9netek, a hangulati \u00e9s inspir\u00e1ci\u00f3s fot\u00f3k \u00e1ltal, illetve a kulisszatitkokkal egy\u00fctt betekint\u00e9st ny\u00fajt a Juditu-vil\u00e1gba.  <strong>Koll\u00e1r Borb\u00e1la, Koll\u00e1r Franciska: <a href=\"https:\/\/www.boook.hu\/hu\/shop\/kollar-borbala-kollar-franciska-inspiracio-termeszetesen\/\" target=\"_blank\" rel=\"noopener nofollow\"><em>Inspir\u00e1ci\u00f3 term\u00e9szetesen<\/em><\/a><\/strong> \u2013 A szerz\u0151p\u00e1ros rendhagy\u00f3 \u00e9letm\u00f3dkalauza nem csup\u00e1n kreat\u00edv \u00f6tleteket oszt, de fontos szeml\u00e9letform\u00e1l\u00f3 gondolatokat is, legf\u0151bb c\u00e9lja, hogy saj\u00e1t p\u00e9ld\u00e1kon kereszt\u00fcl m\u00e1sokat is arra \u00f6szt\u00f6n\u00f6zz\u00f6n, hogy merjenek r\u00e1tal\u00e1lni a kreativit\u00e1sukra \u2013 ez\u00e1ltal \u00f6nmagukra is. A k\u00f6nyv egyszerre gy\u00f6ny\u00f6rk\u00f6dtet \u00e9s inspir\u00e1l, egy\u00fattal kapaszkod\u00f3kat k\u00edn\u00e1l mindenki sz\u00e1m\u00e1ra, aki szeretne \u00f6nazonos, st\u00edlusos k\u00f6rnyezetet kialak\u00edtani maga k\u00f6r\u00fcl. Els\u0151sorban olyan olvas\u00f3knak aj\u00e1nlott, akik szeretn\u00e9nek r\u00e1tal\u00e1lni a saj\u00e1t st\u00edlusukra, akik szeretn\u00e9k szem\u00e9lyesebb\u00e9 tenni a k\u00f6rnyezet\u00fcket, \u00e9s meg\u00e9lni az alkot\u00e1s semmihez sem foghat\u00f3 \u00f6r\u00f6m\u00e9t.  <img loading=\"lazy\" decoding=\"async\" class=\"aligncenter size-large wp-image-15701\" src=\"https:\/\/szta.hu\/wp-content\/uploads\/2017\/12\/EDESAJANDEK_latvany2-1-1024x882.jpg\" alt=\"\" width=\"1024\" height=\"882\" \/>  <img loading=\"lazy\" decoding=\"async\" class=\"aligncenter size-full wp-image-15721\" src=\"https:\/\/szta.hu\/wp-content\/uploads\/2017\/12\/insp_facebook02.png\" alt=\"\" width=\"830\" height=\"577\" \/>  <img loading=\"lazy\" decoding=\"async\" class=\"aligncenter size-full wp-image-15661\" src=\"https:\/\/szta.hu\/wp-content\/uploads\/2017\/12\/Bereznay_Tamas_Egyserpenyos_receptek_latvany.png\" alt=\"Bereznay Tam\u00e1s Egyserpeny\u0151s receptek\" width=\"1000\" height=\"667\" \/>  <img loading=\"lazy\" decoding=\"async\" class=\"aligncenter size-large wp-image-15731\" src=\"https:\/\/szta.hu\/wp-content\/uploads\/2017\/12\/MIL_4743-1024x595.jpg\" alt=\"\" width=\"1024\" height=\"595\" \/>  <img loading=\"lazy\" decoding=\"async\" class=\"aligncenter size-large wp-image-15741\" src=\"https:\/\/szta.hu\/wp-content\/uploads\/2017\/12\/MIL_4759-1024x754.jpg\" alt=\"\" width=\"1024\" height=\"754\" \/>  <img loading=\"lazy\" decoding=\"async\" class=\"aligncenter size-large wp-image-15711\" src=\"https:\/\/szta.hu\/wp-content\/uploads\/2017\/12\/HAR_3064-1024x683.jpg\" alt=\"\" width=\"1024\" height=\"683\" \/>  Fot\u00f3k forr\u00e1sa: BOOOK Kiad\u00f3<\/p>\n","protected":false},"featured_media":0,"template":"","class_list":["post-15689","blog","type-blog","status-publish","hentry"],"acf":[],"_links":{"self":[{"href":"https:\/\/www.szta.hu\/en\/wp-json\/wp\/v2\/blog\/15689","targetHints":{"allow":["GET"]}}],"collection":[{"href":"https:\/\/www.szta.hu\/en\/wp-json\/wp\/v2\/blog"}],"about":[{"href":"https:\/\/www.szta.hu\/en\/wp-json\/wp\/v2\/types\/blog"}],"wp:attachment":[{"href":"https:\/\/www.szta.hu\/en\/wp-json\/wp\/v2\/media?parent=15689"}],"curies":[{"name":"wp","href":"https:\/\/api.w.org\/{rel}","templated":true}]}}