{"id":1617,"date":"2016-11-09T09:16:58","date_gmt":"2016-11-09T09:16:58","guid":{"rendered":"http:\/\/www.blog.sztateszt.7digits.net\/blog\/a-globalis-autoipar-a-tortenelem-legradikalisabb-valtozasa-elott-all-mit-lephetnek-a-beszallitok\/"},"modified":"2016-11-09T09:16:58","modified_gmt":"2016-11-09T09:16:58","slug":"a-globalis-autoipar-a-tortenelem-legradikalisabb-valtozasa-elott-all-mit-lephetnek-a-beszallitok","status":"publish","type":"blog","link":"https:\/\/www.szta.hu\/en\/blog\/a-globalis-autoipar-a-tortenelem-legradikalisabb-valtozasa-elott-all-mit-lephetnek-a-beszallitok\/","title":{"rendered":"A glob\u00e1lis aut\u00f3ipar a t\u00f6rt\u00e9nelem legradik\u00e1lisabb v\u00e1ltoz\u00e1sa el\u0151tt \u00e1ll \u2013 mit l\u00e9phetnek a besz\u00e1ll\u00edt\u00f3k?"},"content":{"rendered":"<p style=\"text-align: justify;\"><strong><img decoding=\"async\" class=\" wp-image-2079 alignleft\" src=\"https:\/\/szta.hu\/wp-content\/uploads\/2016\/12\/2016-11-09-300x225.jpg\" alt=\"Auto\" width=\"245\" height=\"184\" \/>Az elk\u00f6vetkez\u0151 \u00e9vtizedben stabil n\u00f6veked\u00e9s v\u00e1rhat\u00f3 a glob\u00e1lis aut\u00f3iparon, aminek legf\u0151bb haszon\u00e9lvez\u0151i azok az aut\u00f3ipari besz\u00e1ll\u00edt\u00f3k lehetnek, akik fel tudnak k\u00e9sz\u00fclni a rohamos technol\u00f3giai fejl\u0151d\u00e9s okozta kisz\u00e1m\u00edthatatlan v\u00e1ltoz\u00e1sokra. A Lazard \u00e9s a Roland Berger <a href=\"https:\/\/www.piacesprofit.hu\/kkv_cegblog\/nem-ulhetnek-a-baberjaikon-a-beszallitok\/\" target=\"_blank\" rel=\"noopener nofollow\">tanulm\u00e1nya<\/a> szerint az aut\u00f3piac \u00e9rt\u00e9ke 2025-re jelent\u0151sen, 700 milli\u00e1rdr\u00f3l 850 milli\u00e1rd eur\u00f3ra n\u0151het. Fontos v\u00e1ltoz\u00e1s azonban, hogy a profit eloszl\u00e1sa a megl\u00e9v\u0151 szegmensek \u00e9s az \u00faj piaci szerepl\u0151k k\u00f6z\u00f6tt l\u00e9nyegesen m\u00f3dosulhat, ez pedig jelent\u0151sen \u00e1talak\u00edthatja a besz\u00e1ll\u00edt\u00f3k piaci poz\u00edci\u00f3it. Egy ilyen helyzetben nagy el\u0151nnyel rendelkeznek azok a c\u00e9gek, amelyek el\u00e9g t\u0151keer\u0151sek ahhoz, hogy ak\u00e1r \u00fczleti terv\u00fck jelent\u0151s m\u00f3dos\u00edt\u00e1s\u00e1val reag\u00e1lni tudjanak az \u00fajabb szerepl\u0151k \u00e9s ig\u00e9nyek megjelen\u00e9s\u00e9re.<\/strong><\/p>\n<p style=\"text-align: justify;\">A c\u00edmben l\u00e9v\u0151 mondatot a Lazard p\u00e9nz\u00fcgyi tan\u00e1csad\u00f3 c\u00e9g igazgat\u00f3ja mondta az elk\u00f6vetkez\u0151 \u00e9vtizedet vizsg\u00e1l\u00f3 <a href=\"https:\/\/www.rolandberger.com\/de\/press\/Press-Release-Details_6786.html\" target=\"_blank\" rel=\"noopener nofollow\">tanulm\u00e1ny\u00e1ra<\/a> alapozva. Az aut\u00f3ipar forradalmi v\u00e1ltoz\u00e1sainak ir\u00e1nyai m\u00e1r most j\u00f3l l\u00e1that\u00f3ak, a m\u00e1ra m\u00e1r szinte \u00e1ltal\u00e1nos \u00e1rucikk\u00e9 v\u00e1lt bels\u0151 \u00e9g\u00e9s\u0171 motorok mellett az elektromos aut\u00f3k \u00e9s az \u00f6nvezet\u0151 aut\u00f3k fejleszt\u00e9se is egyre nagyobb t\u0151keforr\u00e1st mozgat meg. A hagyom\u00e1nyos aut\u00f3gy\u00e1rt\u00f3k mellett olyan \u00faj, innovat\u00edv szerepl\u0151k is megjelentek, amelyek az adott ter\u00fcleten el\u0151r\u00e9bb j\u00e1rnak t\u00f6bb, a hossz\u00fa \u00e9vtizedek alatt piaci szerep\u00e9hez hozz\u00e1szokott, \u00e9s kv\u00e1zi elk\u00e9nyelmesedett nagynev\u0171 c\u00e9gn\u00e9l is. A Tesla vagy \u00e9pp a Google aut\u00f3ipari megjelen\u00e9se sokukn\u00e1l megsz\u00f3laltatta a v\u00e9szcseng\u0151t, megind\u00edtva egy glob\u00e1lis technol\u00f3giai forradalmat, \u00e9s ezzel j\u00e1r\u00f3 k\u00f6ltekez\u00e9st a szektorban. A tanulm\u00e1ny szerint p\u00e9ld\u00e1ul az elektromos j\u00e1rm\u0171vek piaca h\u00e9t-t\u00edzszeres\u00e9re n\u0151het a k\u00f6vetkez\u0151 \u00e9vtizedben, a g\u00e9pj\u00e1rm\u0171vezet\u00e9st t\u00e1mogat\u00f3 alkatr\u00e9szek piac\u00e1n pedig \u00f6tsz\u00f6r\u00f6s n\u00f6veked\u00e9s v\u00e1rhat\u00f3.<!--more--><\/p>\n<p style=\"text-align: justify;\">Az \u00faj fejleszt\u00e9si ir\u00e1nyok sz\u00fcks\u00e9gszer\u0171en friss technol\u00f3gi\u00e1kat, illetve a megv\u00e1ltozott ig\u00e9nyeknek megfelel\u0151 alkatr\u00e9szeket is megk\u00f6vetelnek. Emiatt a hossz\u00fa \u00e9vekre \u00e9s \u00e9vtizedekre visszany\u00fal\u00f3 besz\u00e1ll\u00edt\u00f3i partnerkapcsolatok csak akkor maradhatnak \u00e9rt\u00e9kesek a sz\u00fcks\u00e9gszer\u0171en \u00faj\u00edt\u00f3 aut\u00f3gy\u00e1rt\u00f3knak, ha a partnerek fel tudj\u00e1k venni a dinamikusan v\u00e1ltoz\u00f3 piaci trendek temp\u00f3j\u00e1t. Mindk\u00e9t f\u00e9lnek k\u00e9sznek kell lennie a v\u00e1ltoz\u00e1sra, azonban az aut\u00f3gy\u00e1rt\u00f3 az, aki besz\u00e1ll\u00edt\u00f3t v\u00e1laszt, \u00e9s az is, aki kettej\u00fck k\u00f6z\u00fcl az iramot dikt\u00e1lja.<\/p>\n<p style=\"text-align: justify;\">Hogy a v\u00e1ltoz\u00f3 k\u00f6rnyezetben a besz\u00e1ll\u00edt\u00f3k tov\u00e1bbra is sikeresek maradhassanak, elengedhetetlen\u00fcl fontos lesz sz\u00e1mukra, hogy magasabb szint\u0171 rugalmass\u00e1got, agilisabb hozz\u00e1\u00e1ll\u00e1st mutassanak. Nem koncentr\u00e1lhatnak kiz\u00e1r\u00f3lag a hagyom\u00e1nyos ter\u00fcletek fejleszt\u00e9s\u00e9re, hiszen olyan piaci szerepl\u0151kkel kell majd versenyezni\u00fck, amelyek nem felt\u00e9tlen\u00fcl az aut\u00f3iparban tev\u00e9kenykednek, \u00edgy egyes, innov\u00e1ci\u00f3t ig\u00e9nyl\u0151 r\u00e9szter\u00fcleteken eleve versenyel\u0151nyb\u0151l indulhatnak. Emellett a besz\u00e1ll\u00edt\u00f3knak akt\u00edv portf\u00f3li\u00f3kezel\u00e9s\u00fck\u00f6n is v\u00e1ltoztatniuk kell, fontos \u00fajragondolniuk alapvet\u0151 kompetenci\u00e1ikat, \u00e9s folyamatmenedzsment szintj\u00e9n is alkalmazkodniuk kell majd az \u00faj technol\u00f3gi\u00e1khoz \u2013 azaz sz\u00fcks\u00e9gszer\u0171en t\u00f6bbet kell k\u00f6lteni\u00fck innov\u00e1ci\u00f3s tev\u00e9kenys\u00e9gre.<\/p>\n<p style=\"text-align: justify;\">A fenti v\u00e1ltoz\u00e1sok v\u00e1rhat\u00f3an haz\u00e1nk aut\u00f3ipar\u00e1nak besz\u00e1ll\u00edt\u00f3i piac\u00e1t is \u00e9rinteni fogj\u00e1k, \u00edgy a magyar c\u00e9geknek is \u00e9rdemes min\u00e9l el\u0151bb felm\u00e9rni azokat a hi\u00e1nyoss\u00e1gokat, amelyek k\u00e9s\u0151bb v\u00e9gzetesek lehetnek a c\u00e9g sz\u00e1m\u00e1ra az \u00e9l\u00e9nk\u00fcl\u0151 versenyben. Meg kell figyelni\u00fck a partnerek \u00e9s az (\u00faj) aut\u00f3ipari szerepl\u0151k v\u00e1ltoz\u00f3 ig\u00e9nyeit, \u00e9s fel kell m\u00e9rni\u00fck, hogy a saj\u00e1t tev\u00e9kenys\u00e9g\u00fck milyen m\u00e9rt\u00e9k\u0171 b\u0151v\u00edt\u00e9se, fejleszt\u00e9se, illetve milyen beruh\u00e1z\u00e1sok sz\u00fcks\u00e9gesek ahhoz, hogy a c\u00e9g \u00e9rt\u00e9kaj\u00e1nlata vetekedjen az innov\u00e1ci\u00f3 sz\u00fcks\u00e9gess\u00e9g\u00e9t id\u0151ben felismer\u0151 konkurenci\u00e1\u00e9val.<\/p>\n<p>[post_newsletter title=&#8221;Iratkozzon fel h\u00edrlevel\u00fcnkre!&#8221;][\/post_newsletter]<\/p>\n<p style=\"text-align: justify;\">Term\u00e9szetesen egy ilyen m\u00e9rt\u00e9k\u0171 v\u00e1ltoz\u00e1s er\u0151s t\u0151kehelyzetet felt\u00e9telez. A min\u0151s\u00e9gi \u00e9s rugalmas gy\u00e1rt\u00e1s biztos\u00edt\u00e1s\u00e1hoz sz\u00fcks\u00e9ges beruh\u00e1z\u00e1sokhoz komoly t\u0151keforr\u00e1sra van sz\u00fcks\u00e9g, amelyet a c\u00e9gek t\u00f6bbs\u00e9ge csak nehezen vagy egy\u00e1ltal\u00e1n nem tud el\u0151teremteni saj\u00e1t zsebb\u0151l. A p\u00e1ly\u00e1zati forr\u00e1sok elnyer\u00e9s\u00e9re nem lehet vakon \u00e9p\u00edteni, r\u00e1ad\u00e1sul ebben a szektorban jellemz\u0151en 50 sz\u00e1zal\u00e9k k\u00f6r\u00fcli \u00f6nr\u00e9sszel is rendelkezni kell, a jelent\u0151s \u00f6sszeg\u0171 beruh\u00e1z\u00e1sok hosszabb megt\u00e9r\u00fcl\u00e9si ideje miatt pedig a banki hitel t\u00f6rleszt\u00e9s\u00e9nek korai megkezd\u00e9se is probl\u00e9m\u00e1t jelent sz\u00e1mos v\u00e1llalkoz\u00e1s sz\u00e1m\u00e1ra.<\/p>\n<p style=\"text-align: justify;\">Els\u0151sorban az ilyen szitu\u00e1ci\u00f3ban l\u00e9v\u0151 v\u00e1llalkoz\u00e1sok t\u0151kehelyzet\u00e9t \u00e9s ig\u00e9nyeit szem el\u0151tt tartva indult el 2011-ben a Sz\u00e9chenyi T\u0151kealap-kezel\u0151 Zrt. t\u0151keprogramja, amely a hagyom\u00e1nyos ipar\u00e1gakban tev\u00e9kenyked\u0151, stabil n\u00f6veked\u00e9sre k\u00e9pes v\u00e1llalkoz\u00e1sok sz\u00e1m\u00e1ra ad komoly lehet\u0151s\u00e9get a v\u00e1llalkoz\u00e1sfejleszt\u00e9sre, t\u0151kehelyzet\u00fck meger\u0151s\u00edt\u00e9s\u00e9re. A v\u00e1llalatban tulajdonost\u00e1rsk\u00e9nt megjelen\u0151 t\u0151kebefektet\u0151 egy \u00edg\u00e9retes \u00fczleti terv k\u00f6z\u00f6s elfogad\u00e1s\u00e1t k\u00f6vet\u0151en a jellemz\u0151en 3-5, de adott esetben csak a 7 \u00e9ves befektet\u00e9si id\u0151szak legv\u00e9g\u00e9n v\u00e1rja vissza az id\u0151k\u00f6zben megn\u00f6vekedett \u00e9rt\u00e9k\u0171 v\u00e1llalkoz\u00e1sba fektetett t\u0151k\u00e9t. Mivel az SZTA sz\u00e1m\u00e1ra <a href=\"https:\/\/szta.hu\/eselyt-kell-adni-a-magyar-vallalakozasoknak-az-innovaciora\/\" target=\"_blank\" rel=\"noopener nofollow\">az innov\u00e1ci\u00f3 mindig is k\u00f6zponti \u00e9rt\u00e9ket jelentett<\/a>, az Alap kiv\u00e1l\u00f3 befektet\u00e9si \u00e9s szakmai partnerk\u00e9nt szolg\u00e1lhat mindazon besz\u00e1ll\u00edt\u00f3 v\u00e1llalkoz\u00e1s sz\u00e1m\u00e1ra is, amely a felgyorsult aut\u00f3ipari folyamatokkal szeretn\u00e9 felvenni a l\u00e9p\u00e9st.<\/p>\n<p style=\"text-align: justify;\">Az SZTA felt\u00e9telei \u00e9s hozamelv\u00e1r\u00e1sa a portf\u00f3li\u00f3c\u00e9gek \u00e9s a piac szerint is probl\u00e9ma n\u00e9lk\u00fcl teljes\u00edthet\u0151ek, befektet\u00e9sei pedig <a href=\"https:\/\/szta.hu\/felmeres-elmondtak-a-velemenyuket-a-kkv-k-a-legaktivabb-hazai-tokealaprol\/\" target=\"_blank\" rel=\"noopener nofollow\">egy\u00e9rtelm\u0171en seg\u00edtik a c\u00e9gn\u00f6veked\u00e9st \u00e9s a piaci kil\u00e1t\u00e1sok javul\u00e1s\u00e1t<\/a>. Nem meglep\u0151 h\u00e1t, hogy annyian b\u00edznak az \u00e1llami t\u0151kebefektet\u0151ben: portf\u00f3li\u00f3j\u00e1ban a szoftverfejleszt\u0151 projektc\u00e9gt\u0151l kezdve az \u00e9vtizedes m\u00falttal rendelkez\u0151 (aut\u00f3ipari) besz\u00e1ll\u00edt\u00f3i v\u00e1llalatokig sokf\u00e9le t\u00e1rsas\u00e1g megtal\u00e1lhat\u00f3. A partnerc\u00e9gek legnagyobb halmaz\u00e1t (20 sz\u00e1zal\u00e9k) a f\u00e9m- \u00e9s g\u00e9pipari c\u00e9gek teszik ki, k\u00f6zt\u00fck sz\u00e1mos olyan v\u00e1llalat van, amely nemzetk\u00f6zi aut\u00f3gy\u00e1rt\u00f3kat l\u00e1t el speci\u00e1lis alkatr\u00e9szekkel. R\u00e1ad\u00e1sul <a href=\"https:\/\/szta.hu\/kockazati-toke-erositi-a-hazai-fem-es-gepipar-fejleszteset\/\" target=\"_blank\" rel=\"noopener nofollow\">a besz\u00e1ll\u00edt\u00f3i portf\u00f3li\u00f3 kiemelked\u0151 eredm\u00e9nyekkel b\u00fcszk\u00e9lkedhet<\/a>: az ebben a szektorban m\u0171k\u00f6d\u0151, \u00f6sszesen 2,6 milli\u00e1rd forint \u00e9rt\u00e9k\u0171 kock\u00e1zati t\u0151k\u00e9t bevon\u00f3 portf\u00f3li\u00f3c\u00e9gek 92 sz\u00e1zal\u00e9ka n\u00f6velte \u00e1rbev\u00e9tel\u00e9t 2015-ben, 85 sz\u00e1zal\u00e9k\u00e1nak munkaer\u0151-\u00e1llom\u00e1nya is gyarapodott, m\u00edg az eredm\u00e9nyess\u00e9g a c\u00e9gek csaknem 50 sz\u00e1zal\u00e9k\u00e1n\u00e1l egy\u00e9rtelm\u0171en javult.<\/p>\n<p style=\"text-align: justify;\">A fenti eredm\u00e9nyek tekintet\u00e9ben minden bizonnyal j\u00f3 h\u00edr a szektorban m\u0171k\u00f6d\u0151, t\u0151keforr\u00e1st keres\u0151 v\u00e1llalkoz\u00e1sok sz\u00e1m\u00e1ra, hogy az SZTA azon dolgozik, hogy <a href=\"https:\/\/szta.hu\/venture-capital-summit-cel-a-200-szta-befektetes\/\" target=\"_blank\" rel=\"noopener nofollow\">a k\u00f6zel sz\u00e1z befektet\u00e9se ut\u00e1n a 200. v\u00e1llalkoz\u00e1st is t\u0151keforr\u00e1shoz juttassa<\/a>.<\/p>\n<p style=\"text-align: justify;\">A meger\u0151s\u00edtett t\u0151kehelyzet pedig k\u00e9s\u0151bb jelent\u0151sen <a href=\"https:\/\/szta.hu\/miert-szereti-a-bank-ha-egy-vallalkozas-tokeeros\/\" target=\"_blank\" rel=\"noopener nofollow\">megk\u00f6nny\u00edti a banki hitelterm\u00e9kek ig\u00e9nybev\u00e9tel\u00e9t<\/a>, illetve sokat seg\u00edthet az olyan p\u00e1ly\u00e1zati \u00f6sszegek elnyer\u00e9s\u00e9ben is, mint p\u00e9ld\u00e1ul az okt\u00f3bert\u0151l el\u00e9rhet\u0151, 20 milli\u00e1rd forint keret\u00f6sszeg\u0171, <a href=\"https:\/\/szta.hu\/beszallito-cege-van-akar-1-milliard-forint-palyazati-forrast-is-nyerhet\/\" target=\"_blank\" rel=\"noopener nofollow\">besz\u00e1ll\u00edt\u00f3 kkv-kat c\u00e9lz\u00f3 GINOP-p\u00e1ly\u00e1zat<\/a> forr\u00e1sai.<\/p>\n","protected":false},"featured_media":2079,"template":"","class_list":["post-1617","blog","type-blog","status-publish","has-post-thumbnail","hentry"],"acf":[],"_links":{"self":[{"href":"https:\/\/www.szta.hu\/en\/wp-json\/wp\/v2\/blog\/1617","targetHints":{"allow":["GET"]}}],"collection":[{"href":"https:\/\/www.szta.hu\/en\/wp-json\/wp\/v2\/blog"}],"about":[{"href":"https:\/\/www.szta.hu\/en\/wp-json\/wp\/v2\/types\/blog"}],"wp:featuredmedia":[{"embeddable":true,"href":"https:\/\/www.szta.hu\/en\/wp-json\/"}],"wp:attachment":[{"href":"https:\/\/www.szta.hu\/en\/wp-json\/wp\/v2\/media?parent=1617"}],"curies":[{"name":"wp","href":"https:\/\/api.w.org\/{rel}","templated":true}]}}