{"id":19673,"date":"2013-11-22T08:58:47","date_gmt":"2013-11-22T08:58:47","guid":{"rendered":"http:\/\/www.blog.sztateszt.7digits.net\/blog\/hogyan-noveljuk-cegunk-tokevonzo-kepesseget\/"},"modified":"2013-11-22T08:58:47","modified_gmt":"2013-11-22T08:58:47","slug":"hogyan-noveljuk-cegunk-tokevonzo-kepesseget","status":"publish","type":"blog","link":"https:\/\/www.szta.hu\/en\/blog\/hogyan-noveljuk-cegunk-tokevonzo-kepesseget\/","title":{"rendered":"Hogyan n\u00f6velj\u00fck c\u00e9g\u00fcnk t\u0151kevonz\u00f3 k\u00e9pess\u00e9g\u00e9t?"},"content":{"rendered":"<p align=\"justify\"><strong><a href=\"https:\/\/www.szta.hu\/en\/?attachment_id=1126\" rel=\"attachment wp-att-1126 nofollow noopener\" target=\"_blank\"><img fetchpriority=\"high\" decoding=\"async\" class=\"alignleft size-full wp-image-1126\" alt=\"Sz\u00e9chenyi T\u0151kealap - V\u00e1llalatir\u00e1ny\u00edt\u00e1s - Hogyan n\u00f6velj\u00fck c\u00e9g\u00fcnk t\u0151kevonz\u00f3 k\u00e9pess\u00e9g\u00e9t? \" src=\"https:\/\/szta.hu\/wp-content\/uploads\/2013\/11\/Szechenyi_Tokealap-kezelo_Zrt_tokevonzo_kepesseg_vallalatiranyitas.jpg\" width=\"350\" height=\"232\" \/><\/a>A t\u0151kebevon\u00e1s k\u00fcl\u00f6nb\u00f6z\u0151 lehets\u00e9ges form\u00e1ir\u00f3l gyakran hallunk, de vagy t\u00fal \u00e1ltal\u00e1nos, vagy t\u00fal konkr\u00e9t tippeket kapunk hozz\u00e1. Hol van a konkr\u00e9t c\u00e9lok kit\u0171z\u00e9s\u00e9t t\u00e1mogat\u00f3 k\u00f6z\u00e9p\u00fat? Merre induljon el a j\u00f6v\u0151beli forr\u00e1sbevon\u00e1st tervez\u0151 vagy konkr\u00e9t t\u0151zsdei terveket d\u00e9delget\u0151 v\u00e1llalkoz\u00e1s, hogy megfelel\u0151 id\u0151t\u00e1vot \u00e9s tervezhet\u0151s\u00e9get adjon a v\u00e1llalat tulajdonosainak az \u00fczleti \u00e9rt\u00e9k n\u00f6vel\u00e9s\u00e9hez \u00e9s a t\u0151kebevon\u00e1si tervek saj\u00e1t temp\u00f3j\u00fa megval\u00f3s\u00edt\u00e1s\u00e1hoz?<\/strong><\/p>\n<p align=\"justify\">A j\u00f3 v\u00e1llalatir\u00e1ny\u00edt\u00e1s \u201etudom\u00e1nya\u201d nem lehet csak a legnagyobbak \u00e9s a t\u0151zsd\u00e9n jegyzett c\u00e9gek privil\u00e9giuma \u2013 ez\u00e9rt sz\u00fcletett meg az Igazgat\u00f3s\u00e1gi Tagok Egyes\u00fcletei Eur\u00f3pai Sz\u00f6vets\u00e9ge (ecoDA) \u00e1ltal kiadott v\u00e1llalatir\u00e1ny\u00edt\u00e1si \u00fatmutat\u00f3. Ez a v\u00e1llalatir\u00e1ny\u00edt\u00e1s alapelveit \u00e9s legjobb gyakorlatait mutatja be, amelyek hozz\u00e1j\u00e1rulnak a befektet\u0151k \u00e1ltal keresett \u00e9s a j\u00f6v\u0151beli t\u0151kepiaci tev\u00e9kenys\u00e9ghez sz\u00fcks\u00e9ges <a href=\"https:\/\/www.szta.hu\/en\/blog\/a-menedzsment-kepessegei-a-kockazati-tokesnek-is-kulcsfontossaguak\/\" target=\"_blank\" rel=\"noopener nofollow\">hat\u00e9kony c\u00e9gvezet\u00e9s<\/a> kialak\u00edt\u00e1s\u00e1hoz. Az \u00fatmutat\u00f3nak szerencs\u00e9re n\u00e9h\u00e1ny \u00e9ve <a href=\"https:\/\/www.transparency.hu\/uploads\/docs\/Ecoda_full_FINAL_clean_1_.pdf\" target=\"_blank\" rel=\"noopener nofollow\">magyar kiad\u00e1sa is l\u00e9tezik<\/a>; bejegyz\u00e9s\u00fcnkben a t\u0151kevonz\u00f3 k\u00e9pess\u00e9g legalapvet\u0151bb felt\u00e9teleinek megteremt\u00e9se szempontj\u00e1b\u00f3l kiemelt \u201eTop 3\u201d elemr\u0151l adunk pillanatfelv\u00e9telt. Egy dolgot azonban fontos lesz\u00f6gezni: mindez nem csak a t\u0151kepiacra k\u00e9sz\u00fcl\u0151 c\u00e9gek sz\u00e1m\u00e1ra hasznos, hanem minden kisv\u00e1llalkoz\u00e1snak, amely eredm\u00e9nyess\u00e9get n\u00f6vel \u00e9s bizalmat \u00e9p\u00edt.<\/p>\n<p align=\"justify\"><!--more-->A v\u00e1llalatir\u00e1ny\u00edt\u00e1s, vagy felel\u0151s v\u00e1llalatir\u00e1ny\u00edt\u00e1s fogalm\u00e1val az elm\u00falt \u00e9vtizedben egyre t\u00f6bb helyen, jellemz\u0151en multic\u00e9gek \u00e9s hazai nagyv\u00e1llalatok honlapj\u00e1n tal\u00e1lkozunk. Sokak sz\u00e1m\u00e1ra tal\u00e1n nem vil\u00e1gos, hogy mi\u00e9rt, illetve gyakran t\u00e9vesztik \u00f6ssze a c\u00e9g j\u00f3t\u00e9konys\u00e1gi tev\u00e9kenys\u00e9g\u00e9vel vagy a c\u00e9gvezet\u00e9ssel. A felsorolt pontok azonban \u2013 felt\u00e9ve, hogy a kapcsol\u00f3d\u00f3 bels\u0151 dokumentumokban \u00e9s gyakorlatokban t\u00e9nylegesen k\u00f6telez\u0151 er\u0151vel b\u00edrnak \u2013 a v\u00e1llalat m\u0171k\u00f6d\u00e9s\u00e9vel kapcsolatos alapelvek, amelyek a szakavatottak sz\u00e1m\u00e1ra a c\u00e9g \u00e1tl\u00e1that\u00f3, etikus \u00e9s szak\u00e9rt\u0151 ir\u00e1ny\u00edt\u00e1s\u00e1t mutatj\u00e1k be. Term\u00e9szetesen, sz\u00e1mos r\u00e9szter\u00fcleten kell alapvet\u0151 felt\u00e9teleket teljes\u00edteni vagy <a href=\"https:\/\/www.szta.hu\/en\/blog\/a-kis-es-kozepvallalkozasok-felkeszultsege-szeles-spektrumon-szorodik\/\" target=\"_blank\" rel=\"noopener nofollow\">hi\u00e1nyoss\u00e1gokat kik\u00fcsz\u00f6b\u00f6lni<\/a>, de nem utols\u00f3 szempont, hogy bizonyos alapelvek k\u00f6vet\u00e9se a befektet\u0151 szem\u00e9ben a c\u00e9g \u00fczleti \u00e9rt\u00e9k\u00e9t \u00e9s versenyk\u00e9pess\u00e9g\u00e9t n\u00f6veli az erre figyelmet nem ford\u00edt\u00f3 v\u00e1llalkoz\u00e1sokhoz k\u00e9pest.<\/p>\n<p align=\"justify\"><strong>Oszd meg \u00e9s uralkodj: tiszta viszonyok a c\u00e9gvezet\u00e9sben<\/strong><\/p>\n<p align=\"justify\">A szerepek, k\u00f6telezetts\u00e9gek \u00e9s d\u00f6nt\u00e9si jogk\u00f6r\u00f6k megoszt\u00e1sa a tulajdonosok, az igazgat\u00f3s\u00e1g, az \u00fcgyvezet\u00e9s \u00e9s a t\u00f6bbi \u00e9rintett f\u00e9l k\u00f6z\u00f6tt els\u0151dleges fontoss\u00e1g\u00fa. Leggyakrabban a csal\u00e1di v\u00e1llalkoz\u00e1sokn\u00e1l tal\u00e1lkozhatunk a nem tiszt\u00e1n meghat\u00e1rozott viszonyok probl\u00e9m\u00e1j\u00e1val, de az \u0151 eset\u00fckben a stabil m\u0171k\u00f6d\u00e9s \u00e1ltal\u00e1ban nem ezen m\u00falik, \u00edgy ritk\u00e1n van sz\u00fcks\u00e9g\u00fck er\u0151s formaliz\u00e1lts\u00e1gra. Rosszabb a helyzet akkor, amikor a viszonyok tiszt\u00e1zatlans\u00e1ga azt a benyom\u00e1st kelti, hogy a v\u00e1llalkoz\u00e1s m\u0171k\u00f6d\u00e9se a tulajdonos esetleges, egym\u00e1ssal nem \u00f6sszhangban l\u00e9v\u0151 utas\u00edt\u00e1saib\u00f3l \u00e1ll, eredm\u00e9nyei pedig puszt\u00e1n mag\u00e1nvagyon\u00e1t gyarap\u00edtj\u00e1k. Hat\u00e1rozzuk meg teh\u00e1t ny\u00edltan \u00e9s vil\u00e1gosan, \u00edr\u00e1sban a v\u00e1llalatot m\u0171k\u00f6dtet\u0151 jogokat, k\u00f6telezetts\u00e9geket \u00e9s ezek gyakorl\u00e1s\u00e1nak m\u00f3dj\u00e1t minden tulajdonos, vezet\u0151 \u00e9s dolgoz\u00f3 eset\u00e9ben.<\/p>\n<p align=\"justify\">A felel\u0151s v\u00e1llalatir\u00e1ny\u00edt\u00e1s kialak\u00edt\u00e1s\u00e1t \u00e9rdemes \u00e9s minden c\u00e9g sz\u00e1m\u00e1ra aj\u00e1nlott a tev\u00e9kenys\u00e9g\u00e9nek \u00f6sszetetts\u00e9g\u00e9vel ar\u00e1nyos m\u00e9ret\u0171 igazgat\u00f3s\u00e1g l\u00e9trehoz\u00e1s\u00e1val kezdeni. Az igazgat\u00f3s\u00e1g minden tagja a szakter\u00fclet\u00e9n megfelel\u0151 tud\u00e1ssal \u00e9s tapasztalattal kell, hogy rendelkezzen, hogy ne \u00e1lljon el\u0151 olyan helyzet, amelyben egy-egy szem\u00e9lynek folyamatosan d\u00f6nt\u0151 befoly\u00e1sa van a k\u00f6z\u00f6s d\u00f6nt\u00e9sekre. A felel\u0151ss\u00e9get az igazgat\u00f3s\u00e1g ir\u00e1ny\u00edt\u00e1sa \u00e9s a t\u00e1rsas\u00e1g m\u0171k\u00f6dtet\u00e9se k\u00f6z\u00f6tt meg kell osztani, az\u00e9rt, hogy senki ne rendelkezzen korl\u00e1tlan d\u00f6nt\u00e9si jogk\u00f6rrel.<\/p>\n<p align=\"justify\"><strong>M\u0171k\u00f6d\u00e9s: maxim\u00e1lis eredm\u00e9ny, minim\u00e1lis vesztes\u00e9g<\/strong><\/p>\n<p align=\"justify\">A fentiek sok kisv\u00e1llalkoz\u00e1s sz\u00e1m\u00e1ra tal\u00e1n formas\u00e1gnak t\u0171nnek, m\u00e9gis gyakorlati \u00e9rtelme van. Az igazgat\u00f3s\u00e1gnak ugyanis a szak\u00e9rtelm\u00e9re \u00e9p\u00fcl\u0151 teljes \u00fczleti tev\u00e9kenys\u00e9g, a napi m\u0171k\u00f6d\u00e9s \u00e9s az ezt seg\u00edt\u0151 d\u00f6nt\u00e9shozatali folyamatok k\u00f6vet\u00e9se mellett k\u00e9t alapvet\u0151 vezet\u00e9si funkci\u00f3t kell fel\u00e1ll\u00edtania \u00e9s m\u0171k\u00f6dtetnie: az \u00fczlethez illeszked\u0151 \u00e9s a lehet\u0151 legjobban \u00f6szt\u00f6nz\u0151 javadalmaz\u00e1si rendszert a munkaer\u0151piac legjobbjainak vonz\u00e1s\u00e1ra, megtart\u00e1s\u00e1ra, \u00e9rt\u00e9kel\u00e9s\u00e9re, fejleszt\u00e9s\u00e9re, valamint a bels\u0151 ellen\u0151rz\u00e9si rendszert a tulajdonosok befektet\u00e9s\u00e9nek \u00e9s a c\u00e9g vagyon\u00e1nak v\u00e9delm\u00e9re. Az \u00f6szt\u00f6nz\u00e9snek egy k\u00fcl\u00f6n szintje is bel\u00e9p a rendszerbe egy olyan k\u00f6rnyezetben, ahol a tulajdonosok (k\u00f6zt\u00fck a befektet\u0151k) \u00e9s a c\u00e9gvezet\u0151k egym\u00e1st\u00f3l k\u00fcl\u00f6nv\u00e1lasztott csoportok \u2013 itt az igazgat\u00f3s\u00e1gnak \u00e9s az \u00fcgyvezet\u00e9snek mag\u00e1nak is megfelel\u0151 \u00f6szt\u00f6nz\u00e9sre van sz\u00fcks\u00e9ge ahhoz, hogy a tulajdonosok \u00e9s a c\u00e9g \u00e9rdek\u00e9nek legink\u00e1bb megfelel\u0151 c\u00e9lkit\u0171z\u00e9seket k\u00f6vessenek.<\/p>\n<p align=\"justify\"><strong>Besz\u00e1mol\u00e1s az eredm\u00e9nyekr\u0151l<\/strong><\/p>\n<p align=\"justify\">Azt a t\u00e9nyt, hogy egy v\u00e1llalkoz\u00e1s vezet\u00e9se a fenti a ter\u00fcleteken egy adott id\u0151szakban hogyan teljes\u00edtett, a c\u00e9gnek <a href=\"https:\/\/www.szta.hu\/en\/blog\/bizalmi-kerdeseken-is-mulhat-a-kockazatitoke-befektetes\/\" target=\"_blank\" rel=\"noopener nofollow\">a bizalom fel\u00e9p\u00edt\u00e9se \u00e9s megtart\u00e1sa \u00e9rdek\u00e9ben<\/a> valamilyen form\u00e1ban meg kell osztania egy sor \u00e9rintettj\u00e9vel: tulajdonosokkal, dolgoz\u00f3kkal, partnerekkel, befektet\u0151kkel, s\u0151t, t\u0151kepiaci m\u0171k\u00f6d\u00e9s eset\u00e9n ak\u00e1r a nagyk\u00f6z\u00f6ns\u00e9ggel is. Ehhez k\u00e9pesnek kell lennie arra, hogy \u00e1tgondolt \u00fczleti terv\u00e9nek <a href=\"https:\/\/www.szta.hu\/en\/blog\/mi-kell-a-befektetoket-vonzo-jovokephez\/\" target=\"_blank\" rel=\"noopener nofollow\">eredm\u00e9nyeir\u0151l \u00e9s a t\u00e1rsas\u00e1g kil\u00e1t\u00e1sair\u00f3l<\/a> \u00e1tgondolt, \u00e9rthet\u0151 \u00e9rt\u00e9kel\u00e9st k\u00e9sz\u00edtsen. A legjobb, ha erre, illetve az \u00e9rintett felek bevon\u00e1s\u00e1ra m\u00e1r a kezdet kezdet\u00e9n megfelel\u0151 programot alak\u00edt ki \u2013 \u00edgy a k\u00e9s\u0151bbiekben sem lesz szokatlan, ha \u00faj tulajdonosoknak, t\u0151k\u00e9st\u00e1rsaknak vagy ak\u00e1r egy nagy l\u00e9tsz\u00e1m\u00fa befektet\u0151i csoport tagjainak kell a c\u00e9g m\u0171k\u00f6d\u00e9s\u00e9t \u00e9s eredm\u00e9nyeit bemutatni.<\/p>","protected":false},"featured_media":0,"template":"","class_list":["post-19673","blog","type-blog","status-publish","hentry"],"acf":[],"_links":{"self":[{"href":"https:\/\/www.szta.hu\/en\/wp-json\/wp\/v2\/blog\/19673","targetHints":{"allow":["GET"]}}],"collection":[{"href":"https:\/\/www.szta.hu\/en\/wp-json\/wp\/v2\/blog"}],"about":[{"href":"https:\/\/www.szta.hu\/en\/wp-json\/wp\/v2\/types\/blog"}],"wp:attachment":[{"href":"https:\/\/www.szta.hu\/en\/wp-json\/wp\/v2\/media?parent=19673"}],"curies":[{"name":"wp","href":"https:\/\/api.w.org\/{rel}","templated":true}]}}