{"id":19674,"date":"2013-11-27T09:36:24","date_gmt":"2013-11-27T09:36:24","guid":{"rendered":"http:\/\/www.blog.sztateszt.7digits.net\/blog\/tovabb-erosodik-a-dijnyertes-ipari-park-kulcsrakesz-ipari-csarnokkal-vonzott-multit-debrecenbe-a-xanga\/"},"modified":"2013-11-27T09:36:24","modified_gmt":"2013-11-27T09:36:24","slug":"tovabb-erosodik-a-dijnyertes-ipari-park-kulcsrakesz-ipari-csarnokkal-vonzott-multit-debrecenbe-a-xanga","status":"publish","type":"blog","link":"https:\/\/www.szta.hu\/en\/blog\/tovabb-erosodik-a-dijnyertes-ipari-park-kulcsrakesz-ipari-csarnokkal-vonzott-multit-debrecenbe-a-xanga\/","title":{"rendered":"Tov\u00e1bb er\u0151s\u00f6dik a d\u00edjnyertes ipari park: kulcsrak\u00e9sz ipari csarnokkal vonzott multit Debrecenbe a Xanga"},"content":{"rendered":"<p align=\"justify\"><strong><a href=\"https:\/\/www.szta.hu\/en\/?attachment_id=1131\" rel=\"attachment wp-att-1131 nofollow noopener\" target=\"_blank\"><img fetchpriority=\"high\" decoding=\"async\" class=\"alignleft size-full wp-image-1131\" alt=\"Sz\u00e9chenyi T\u0151kealap - Tov\u00e1bb er\u0151s\u00f6dik az egyik legjobb ipari parkunk - kulcsrak\u00e9sz ipari csarnokkal vonzott multit Debrecenbe a Xanga\" src=\"https:\/\/szta.hu\/wp-content\/uploads\/2013\/11\/Szechenyi_Tokealap-kezelo_Zrt_projektek_Xanga_Debrecen_ipari_park.jpg\" width=\"1600\" height=\"1200\" \/><\/a>Debrecen Ipari Parkja sz\u00e1mos sikeres, magas \u00e1rbev\u00e9tel\u0171 k\u00fclf\u00f6ldi \u00e9s hazai v\u00e1llalkoz\u00e1snak biztos\u00edt iparter\u00fcletet. A park ipari infrastrukt\u00far\u00e1j\u00e1t \u00e9s logisztikai egys\u00e9geit l\u00e9tes\u00edt\u0151 \u00e9s b\u00e9rbead\u00f3 Xanga Investment &amp; Development Group most olyan projekttel b\u0151v\u00edti a park portf\u00f3li\u00f3j\u00e1t, amely \u00fajszer\u0171, kombin\u00e1lt t\u00e1mogat\u00e1si rendszeren kereszt\u00fcl fejleszti Debrecen gazdas\u00e1g\u00e1t \u00e9s munkaer\u0151piac\u00e1t.<\/strong><\/p>\n<p align=\"justify\"><strong>Milyen h\u00e1tt\u00e9rrel rendelkezik a c\u00e9gcsoport?<\/strong><\/p>\n<p align=\"justify\">A c\u00e9gcsoportot 2010-ben Eur\u00f3pa 50 legdinamikusabban fejl\u0151d\u0151 v\u00e1llalkoz\u00e1sa k\u00f6z\u00e9 sorolt\u00e1k, \u00e9s nem v\u00e9letlen\u00fcl. F\u0151 tev\u00e9kenys\u00e9ge, hogy korszer\u0171, nagy kapacit\u00e1s\u00fa k\u00f6zm\u0171 infrastrukt\u00far\u00e1val ell\u00e1tott ipari ter\u00fcleteket, \u00fczemeket alak\u00edt ki, valamint az ipari ter\u00fcleteken magas sz\u00ednvonal\u00fa technol\u00f3giai transzfer fogad\u00e1s\u00e1ra alkalmas kulcsrak\u00e9sz ipari \u00fczemeket \u00e9s logisztikai egys\u00e9geket l\u00e9tes\u00edt, melyeket hazai \u00e9s k\u00fclf\u00f6ldi c\u00e9geknek ad b\u00e9rbe. A Xanga beruh\u00e1z\u00e1sainak kiemelt helysz\u00edne a c\u00e9gcsoport \u00e1ltal fejlesztett \u00e9s \u00fczemeltetett, 2009-ben az \u00c9v Ipari Parkja c\u00edmet elnyert, mintegy 120 hekt\u00e1ros Debreceni Region\u00e1lis \u00e9s Innov\u00e1ci\u00f3s Ipari Park \u00e9s a Debreceni Nemzetk\u00f6zi Rep\u00fcl\u0151t\u00e9r. A c\u00e9gcsoportnak \u00e9s az \u00e1ltala k\u00edn\u00e1lt kiemelked\u0151 infrastrukt\u00far\u00e1nak k\u00f6sz\u00f6nhet\u0151en t\u00f6bb tucat k\u00fclf\u00f6ldi v\u00e1llalkoz\u00e1s kezdhette meg m\u0171k\u00f6d\u00e9s\u00e9t a kelet-magyarorsz\u00e1gi t\u00e9rs\u00e9gben, els\u0151sorban Debrecenben.<\/p>\n<p align=\"justify\"><!--more--><strong>Mit kell tudni a leg\u00fajabb projektr\u0151l?<\/strong><\/p>\n<p align=\"justify\">A projekt\u00e9rt a c\u00e9gcsoport tagja, a Xanga Seria felel\u0151s. A fejleszt\u00e9s keret\u00e9n bel\u00fcl az Ipari Park t\u00f6bb mint 4000 n\u00e9gyzetm\u00e9ter alapter\u00fclet\u0171 ingatlanj\u00e1n egy csaknem 1800 n\u00e9gyzetm\u00e9teres kulcsrak\u00e9sz, technol\u00f3gia fogad\u00e1s\u00e1ra alkalmas ipari csarnokot \u00e9p\u00edtett fel, amelyet a francia tulajdon\u00fa GRAVIC nyomdaipari v\u00e1llalat vesz b\u00e9rbe \u00f6t \u00e9ves id\u0151t\u00e1vra. A betelep\u00fcl\u0151 c\u00e9g hossz\u00fa t\u00e1von mintegy 100 f\u0151 foglalkoztat\u00e1s\u00e1t t\u0171zte ki c\u00e9lul, ami 59 \u00faj munkahelyet jelent.<\/p>\n<p align=\"justify\"><strong>Mit\u0151l egyedi a projekt finansz\u00edroz\u00e1sa?<\/strong><\/p>\n<p align=\"justify\">A c\u00e9gcsoport ezen projektje az\u00e9rt is emelkedik ki a t\u00f6bbi k\u00f6z\u00fcl, mert t\u00f6bbr\u00e9t\u0171 t\u00e1mogat\u00e1si rendszerben val\u00f3sul meg. A t\u00f6bb mint 230 milli\u00f3 forintos teljes projektk\u00f6lts\u00e9get a c\u00e9gcsoport mag\u00e1nt\u0151k\u00e9je mellett egyr\u00e9szt p\u00e1ly\u00e1zat \u00fatj\u00e1n, az \u00daj Sz\u00e9chenyi Terv \u00c9szak-Alf\u00f6ld Operat\u00edv Program keret\u00e9n bel\u00fcl elnyert mintegy 104 milli\u00f3 forint fedezi, m\u00e1sr\u00e9szt a Sz\u00e9chenyi T\u0151kealapnak k\u00f6sz\u00f6nhet\u0151en tov\u00e1bbi, uni\u00f3s forr\u00e1sb\u00f3l sz\u00e1rmaz\u00f3 40 milli\u00f3 forint t\u0151ke \u00e9s 60 milli\u00f3 tags\u00e1gi k\u00f6lcs\u00f6n seg\u00edti. A beruh\u00e1z\u00e1s fennmarad\u00f3 t\u0151kesz\u00fcks\u00e9glet\u00e9t a Xanga Group biztos\u00edtja. A beruh\u00e1z\u00e1s teh\u00e1t vegyes finansz\u00edroz\u00e1s\u00fa, azaz a rendelkez\u00e9sre \u00e1ll\u00f3 lehet\u0151s\u00e9geket kihaszn\u00e1lva kifejezetten a projekt ig\u00e9nyeire szabott alapot biztos\u00edt a fejleszt\u00e9shez \u2013 ez kock\u00e1zati \u00e9s t\u0151keszerkezeti szempontb\u00f3l egyar\u00e1nt el\u0151ny\u00f6s, legyen sz\u00f3 p\u00e1ly\u00e1zati t\u00e1mogat\u00e1s \u00e9s kock\u00e1zatit\u0151ke-befektet\u00e9s p\u00e1ros\u00edt\u00e1s\u00e1r\u00f3l, esetleg hitel \u00e9s t\u0151ke, vagy \u00e9ppen uni\u00f3s fejleszt\u00e9si forr\u00e1s \u00e9s priv\u00e1t t\u0151k\u00e9st\u00e1rsi befektet\u00e9s kombin\u00e1ci\u00f3j\u00e1r\u00f3l.<\/p>\n<p align=\"justify\"><strong>Melyek a projekt legf\u0151bb el\u0151nyei?<\/strong><\/p>\n<p align=\"justify\">Az ipari park megl\u00e9v\u0151 el\u0151nyeire \u00e9s a b\u00e9rl\u0151k ig\u00e9nyeinek ismeret\u00e9re \u00e9p\u00edtve korszer\u0171 kulcsrak\u00e9sz \u00fczemcsarnokkal k\u00f6zvetlen m\u0171k\u00f6d\u0151t\u0151ke-befektet\u00e9st vonzott a t\u00e9rs\u00e9gbe, \u00e9s ez\u00e1ltal:<\/p>\n<ul>\n<li><span style=\"line-height: 16px;\">Biztos\u00edtja a t\u00e9rs\u00e9gben tov\u00e1bbi m\u0171k\u00f6d\u0151 t\u0151ke befogad\u00e1s\u00e1ra alkalmas ipari ter\u00fcletet, er\u0151s\u00edtve az ipari park \u00e1zsi\u00f3j\u00e1t.<br \/>\n<\/span><\/li>\n<li>T\u00f6bb, hossz\u00fat\u00e1von fennmarad\u00f3 munkahelyet teremt Debrecen \u00e9s a r\u00e9gi\u00f3 sz\u00e1m\u00e1ra.<\/li>\n<li>Hozz\u00e1j\u00e1rul az \u00c9szak-alf\u00f6ldi R\u00e9gi\u00f3 diverzifik\u00e1lt gazdas\u00e1g\u00e1nak megteremt\u00e9s\u00e9hez, \u00e9s gazdas\u00e1gi versenyk\u00e9pess\u00e9g\u00e9nek n\u00f6vel\u00e9s\u00e9hez.<\/li>\n<li>T\u00f6bb kis- \u00e9s k\u00f6zepes v\u00e1llalkoz\u00e1st \u00f6szt\u00f6n\u00f6z a fejl\u0151d\u0151 debreceni ipari \u00f6vezetben val\u00f3 m\u0171k\u00f6d\u00e9sre.<\/li>\n<\/ul>\n<p align=\"justify\"><strong>Mi biztos\u00edtja a projekt sikeress\u00e9g\u00e9t?<\/strong><\/p>\n<p align=\"justify\">A telephely b\u00e9rl\u0151je a 45 \u00e9ves m\u00falttal \u00e9s tapasztalattal rendelkez\u0151 francia Gravic Europe c\u00e9gcsoport magyarorsz\u00e1gi tagja, a Gravic Hungary Kft. A c\u00e9g els\u0151sorban k\u00fcl\u00f6nf\u00e9le ragaszt\u00f3s c\u00edmk\u00e9k gy\u00e1rt\u00e1s\u00e1val foglalkozik, amellyel sz\u00e1mos szektorban, p\u00e9ld\u00e1ul az informatika, telekommunik\u00e1ci\u00f3, aut\u00f3gy\u00e1rt\u00e1s, eg\u00e9szs\u00e9g\u00fcgy vagy a kozmetikai ipar piac\u00e1n is jelen vannak. A c\u00e9g egy sor, Debrecenben \u00e9s vonz\u00e1sk\u00f6rzet\u00e9ben m\u0171k\u00f6d\u0151, a fent eml\u00edtett ipar\u00e1gakban tev\u00e9kenyked\u0151 v\u00e1llalkoz\u00e1st tud kiszolg\u00e1lni, biztos\u00edtva a b\u00e9rl\u0151 folyamatosan megt\u00e9r\u00fcl\u0151 m\u0171k\u00f6d\u00e9s\u00e9t, illetve a Gravic Hungary \u00e9s a Xanga Seria Kft. k\u00f6z\u00f6tt l\u00e9trej\u00f6v\u0151 hossz\u00fa t\u00e1v\u00fa \u00fczleti kapcsolat fenntart\u00e1s\u00e1t.<\/p>","protected":false},"featured_media":0,"template":"","class_list":["post-19674","blog","type-blog","status-publish","hentry"],"acf":[],"_links":{"self":[{"href":"https:\/\/www.szta.hu\/en\/wp-json\/wp\/v2\/blog\/19674","targetHints":{"allow":["GET"]}}],"collection":[{"href":"https:\/\/www.szta.hu\/en\/wp-json\/wp\/v2\/blog"}],"about":[{"href":"https:\/\/www.szta.hu\/en\/wp-json\/wp\/v2\/types\/blog"}],"wp:attachment":[{"href":"https:\/\/www.szta.hu\/en\/wp-json\/wp\/v2\/media?parent=19674"}],"curies":[{"name":"wp","href":"https:\/\/api.w.org\/{rel}","templated":true}]}}