{"id":19696,"date":"2014-02-27T09:16:34","date_gmt":"2014-02-27T09:16:34","guid":{"rendered":"http:\/\/www.blog.sztateszt.7digits.net\/blog\/magyar-talalmannyal-mobilizalhato-a-szen-dioxid-alapu-gyogykezeles\/"},"modified":"2014-02-27T09:16:34","modified_gmt":"2014-02-27T09:16:34","slug":"magyar-talalmannyal-mobilizalhato-a-szen-dioxid-alapu-gyogykezeles","status":"publish","type":"blog","link":"https:\/\/www.szta.hu\/en\/blog\/magyar-talalmannyal-mobilizalhato-a-szen-dioxid-alapu-gyogykezeles\/","title":{"rendered":"Magyar tal\u00e1lm\u00e1nnyal mobiliz\u00e1lhat\u00f3 a sz\u00e9n-dioxid alap\u00fa gy\u00f3gykezel\u00e9s"},"content":{"rendered":"<p style=\"text-align: justify;\"><strong><br \/>\n<img fetchpriority=\"high\" decoding=\"async\" class=\" wp-image-4401 alignleft\" src=\"https:\/\/szta.hu\/wp-content\/uploads\/2014\/02\/2014-02-27.jpg\" alt=\"Moffet Air\" width=\"229\" height=\"229\" \/>A gy\u00f3gy\u00e1szatban \u00e9vek \u00f3ta alkalmazott sz\u00e1raz sz\u00e9n-dioxid-kezel\u00e9s m\u00e1r t\u00f6bb betegs\u00e9g, \u2013 f\u0151k\u00e9nt kering\u00e9si \u00e9s \u00e9rrendszeri probl\u00e9m\u00e1k eset\u00e9ben \u2013, jelent\u0151s eredm\u00e9nyeket \u00e9rt el. Magyarorsz\u00e1gon t\u00f6bb mint 100 ezer ember tudn\u00e1 ig\u00e9nybe venni a kezel\u00e9si m\u00f3dot, Eur\u00f3p\u00e1ban pedig mag\u00e1t\u00f3l \u00e9rtet\u0151d\u0151en ennek sokszorosa. A m\u00f3dszernek azonban van egy nagy h\u00e1tr\u00e1nya: az eddigi megold\u00e1sok helyhez k\u00f6t\u00f6ttek voltak, ez\u00e9rt a betegek egy r\u00e9sz\u00e9nek m\u00e1r a kezel\u00e9sre val\u00f3 eljut\u00e1s is nehezen megoldhat\u00f3.<\/strong><\/p>\n<p style=\"text-align: justify;\">Ezt a probl\u00e9m\u00e1t k\u00edv\u00e1nja \u00e1thidalni a magyar CooProdukt Kft. saj\u00e1t fejleszt\u00e9s\u0171 term\u00e9szetes palackozott sz\u00e9n-dioxiddal m\u0171k\u00f6d\u0151 MofettAir kapszul\u00e1j\u00e1val, amely a gy\u00f3gy\u00e1szatban, rehabilit\u00e1ci\u00f3ban \u00e9s a wellnessben is alkalmazhat\u00f3v\u00e1 v\u00e1lhat a sz\u00fcks\u00e9ges vizsg\u00e1latok elv\u00e9gz\u00e9se ut\u00e1n. Viszont ahhoz, hogy forradalmi term\u00e9k\u00e9vel piacra l\u00e9phessen, a c\u00e9gnek t\u0151keemel\u00e9sre volt sz\u00fcks\u00e9ge. Ekkor fordult a v\u00e1llalkoz\u00e1s a Sz\u00e9chenyi T\u0151kebefektet\u00e9si Alaphoz, amelynek befektet\u00e9s\u00e9vel elh\u00e1rultak az akad\u00e1lyok a term\u00e9k elterjeszt\u00e9se el\u0151l.<!--more--><\/p>\n<p style=\"text-align: justify;\"><strong>Mivel foglalkozik a c\u00e9g?<\/strong><\/p>\n<p style=\"text-align: justify;\">A CooProdukt Kft. a sz\u00e1raz sz\u00e9n-dioxid ter\u00e1pi\u00e1k n\u00e9pszer\u0171s\u00edt\u00e9se c\u00e9lj\u00e1b\u00f3l j\u00f6tt l\u00e9tre. M\u0171szaki fejleszt\u00e9sei \u00e9s kutat\u00e1sai, r\u00e9v\u00e9n k\u00fcl\u00f6nb\u00f6z\u0151 eg\u00e9szs\u00e9g-meg\u0151rz\u00e9si projektekben v\u00e1llal fontos szerepet. A v\u00e1llalkoz\u00e1s egyik legfontosabb eredm\u00e9nyek\u00e9nt az iszapfeldolgoz\u00e1s, illetve a betegek iszapkezel\u00e9se ter\u00e9n l\u00e9trehozott \u00faj eszk\u00f6z\u00f6ket \u00e9s technikai megold\u00e1sokat tarthatjuk sz\u00e1mon. A t\u00e1rsas\u00e1g kor\u00e1bban a saj\u00e1t fejleszt\u00e9s\u0171 CO2 gy\u00f3gykabin gy\u00e1rt\u00e1s\u00e1ra \u00e9s forgalmaz\u00e1s\u00e1ra \u00f6sszpontos\u00edtott, amelyb\u0151l 50 db-ot meghalad\u00f3an \u00e9rt\u00e9kes\u00edtett.<\/p>\n<p style=\"text-align: justify;\"><strong>Mit kell tudni az \u00faj kapszul\u00e1r\u00f3l?<\/strong><\/p>\n<p style=\"text-align: justify;\">A kapszula egy sz\u00e1raz sz\u00e9n-dioxid-kezel\u00e9st ny\u00fajt\u00f3 berendez\u00e9s, amelyet a c\u00e9g alap\u00edt\u00f3ja \u00e9s tulajdonosa tal\u00e1lt fel \u00e9s fejlesztett ki. Nagy el\u0151nye, hogy k\u00f6lts\u00e9ghat\u00e9kony, gyors \u00e9s k\u00e9nyelmes szolg\u00e1ltat\u00e1st ny\u00fajt. Az innovat\u00edv eszk\u00f6zzel a c\u00e9g a sz\u00e9n-dioxidon alapul\u00f3 kezel\u00e9sek alkalmaz\u00e1s\u00e1t sz\u00e9lesebb k\u00f6rben is el\u00e9rhet\u0151v\u00e9 tudja tenni Magyarorsz\u00e1gon \u00e9s k\u00fclf\u00f6ld\u00f6n.<\/p>\n<p style=\"text-align: justify;\"><strong>Milyen konstrukci\u00f3ban fektet be az SZTA a c\u00e9gbe?<\/strong><\/p>\n<p style=\"text-align: justify;\">A CooProdukt Kft. egy a saj\u00e1t fejleszt\u00e9s\u0171 term\u00e9k\u00e9vel piacra l\u00e9p\u0151 indul\u00f3 v\u00e1llalkoz\u00e1s. A szakmai k\u00e9pzetts\u00e9get \u00e9s hozz\u00e1\u00e9rt\u00e9st olyan m\u0171szaki szakemberek biztos\u00edtj\u00e1k, akik kor\u00e1bbi term\u00e9keikkel m\u00e1r bizony\u00edtottak a piacon. Az SZTA 55 milli\u00f3 forint t\u0151k\u00e9t fektet be a c\u00e9gbe, kisebbs\u00e9gi tulajdonr\u00e9szt szerez a c\u00e9gben, emellett a tervezett klinikai vizsg\u00e1latok finansz\u00edroz\u00e1sa \u00e9rdek\u00e9ben tov\u00e1bbi forr\u00e1st biztos\u00edthat a c\u00e9g sz\u00e1m\u00e1ra.<\/p>\n<p>[post_newsletter title=&#8221;Iratkozzon fel h\u00edrlevel\u00fcnkre!&#8221;][\/post_newsletter]<\/p>\n<p style=\"text-align: justify;\"><strong>Hogyan haszn\u00e1lja fel a c\u00e9g a befektetett t\u0151k\u00e9t?<\/strong><\/p>\n<p style=\"text-align: justify;\">A befektetett t\u0151ke fedezetet ny\u00fajt a projekt bevezet\u00e9si szakasz\u00e1ban (kb. hat h\u00f3nap) elv\u00e9gzend\u0151 beruh\u00e1z\u00e1sokra \u00e9s sz\u00fcks\u00e9ges kiad\u00e1sokra. Ezzel megteremt\u0151dnek azok a finansz\u00edroz\u00e1si \u00e9s infrastruktur\u00e1lis felt\u00e9telek, amelyek a tov\u00e1bbi m\u0171k\u00f6d\u00e9s probl\u00e9mamentess\u00e9g\u00e9t biztos\u00edtj\u00e1k a c\u00e9g sz\u00e1m\u00e1ra. Ide tartozik t\u00f6bbek k\u00f6z\u00f6tt a term\u00e9k tov\u00e1bbfejleszt\u00e9se, piackutat\u00e1s \u00e9s klinikai vizsg\u00e1latok elv\u00e9gz\u00e9s\u00e9hez sz\u00fcks\u00e9ges alapok megteremt\u00e9se, az iparszer\u0171 sorozatgy\u00e1rt\u00e1s beind\u00edt\u00e1sa, az \u00e9rt\u00e9kes\u00edt\u00e9s felfuttat\u00e1sa, ki\u00e1ll\u00edt\u00e1sok, konferenci\u00e1k, road-show szervez\u00e9se.<\/p>\n<p style=\"text-align: justify;\"><strong>Milyen lehet\u0151s\u00e9geket rejt mag\u00e1ban a piac?<\/strong><\/p>\n<p style=\"text-align: justify;\">A term\u00e9k \u00e9s a szolg\u00e1ltat\u00e1s c\u00e9lcsoportja \u00e1ltal\u00e1nos eg\u00e9szs\u00e9g\u00fcgyi felm\u00e9r\u00e9sek \u00e9s statisztik\u00e1k szerint mind Magyarorsz\u00e1gon, mint a nemzetk\u00f6zi piacon jelent\u0151s m\u00e9ret\u0171. A sz\u00e9n-dioxidos kezel\u00e9s alkalmaz\u00e1s\u00e1nak f\u0151bb ter\u00fcletei: az eg\u00e9szs\u00e9g\u00fcgyi prevenci\u00f3, a gy\u00f3gy\u00e1szat, a rehabilit\u00e1ci\u00f3, a rekre\u00e1ci\u00f3, az \u00e9lsport, illetve a wellness- \u00e9s fitness-szolg\u00e1ltat\u00e1sok. Ezek alapj\u00e1n els\u0151sorban k\u00e9t felhaszn\u00e1l\u00f3i k\u00f6rt c\u00e9loz meg: a gy\u00f3gyf\u00fcrd\u0151ket, wellness- \u00e9s gy\u00f3gyk\u00f6zpontokat, illetve a mag\u00e1npraxis\u00fa \u00e9s int\u00e9zm\u00e9nyi eg\u00e9szs\u00e9g\u00fcgyi szolg\u00e1ltat\u00f3kat. T\u00e1volabbi c\u00e9l, hogy a term\u00e9k n\u00e9peg\u00e9szs\u00e9g\u00fcgyi szolg\u00e1ltat\u00e1sok r\u00e9sz\u00e9v\u00e9 v\u00e1ljon.<\/p>\n<table style=\"background-color: #ffffff;\" border=\"3\" width=\"100%\" cellspacing=\"1\" cellpadding=\"1\">\n<tbody>\n<tr>\n<td>\n<p style=\"text-align: justify;\"><em><strong>Hogyan m\u0171k\u00f6dik az eszk\u00f6z?<\/strong><\/em><\/p>\n<p style=\"text-align: justify;\"><em>Jelenlegi ismereteink szerint a sz\u00e9n-dioxid sz\u00e1razf\u00fcrd\u0151 alkalmaz\u00e1sa 2000 \u00e9ves m\u00faltra tekint vissza. Az innovat\u00edv term\u00e9k a mofett\u00e1k hat\u00e1smechanizmus\u00e1n alapszik, azok mesters\u00e9ges sz\u00e9n-dioxid alap\u00fa, tov\u00e1bbfejlesztett v\u00e1ltozata. A kezel\u00e9sek sor\u00e1n a sz\u00e9n-dioxid g\u00e1z a b\u0151r\u00f6n \u00e1tdiffund\u00e1l a sz\u00f6vetekbe, \u00edgy specifikus \u00e9rt\u00e1g\u00edt\u00f3 hat\u00e1st gyakorol a perif\u00e9ri\u00e1s kering\u00e9sre, m\u00e1sr\u00e9szt kedvez\u0151en hat a sz\u00edvm\u0171k\u00f6d\u00e9sre. A k\u00faraszer\u0171en alkalmazott sz\u00e9n-dioxid-kezel\u00e9sek el\u0151nyeit t\u00f6bbek k\u00f6z\u00f6tt az \u00e9rbetegs\u00e9gben, a magas v\u00e9rnyom\u00e1sban szenved\u0151kn\u00e9l, cukorbetegek, \u00e9rm\u0171t\u00f6ttek, csontritkul\u00e1sos, immunbetegek vagy a Raynaud szindr\u00f3m\u00e1ban szenved\u0151 betegek eset\u00e9ben mutatt\u00e1k ki eddig. A gy\u00f3gy\u00e1szat mellett kedvez\u0151 hat\u00e1s\u00e1t a wellness-turizmusban, illetve a fitness \u00e9s sport ter\u00e9n is ki lehet haszn\u00e1lni.<\/em><\/p>\n<\/td>\n<\/tr>\n<\/tbody>\n<\/table>\n","protected":false},"featured_media":4401,"template":"","class_list":["post-19696","blog","type-blog","status-publish","has-post-thumbnail","hentry"],"acf":[],"_links":{"self":[{"href":"https:\/\/www.szta.hu\/en\/wp-json\/wp\/v2\/blog\/19696","targetHints":{"allow":["GET"]}}],"collection":[{"href":"https:\/\/www.szta.hu\/en\/wp-json\/wp\/v2\/blog"}],"about":[{"href":"https:\/\/www.szta.hu\/en\/wp-json\/wp\/v2\/types\/blog"}],"wp:featuredmedia":[{"embeddable":true,"href":"https:\/\/www.szta.hu\/en\/wp-json\/"}],"wp:attachment":[{"href":"https:\/\/www.szta.hu\/en\/wp-json\/wp\/v2\/media?parent=19696"}],"curies":[{"name":"wp","href":"https:\/\/api.w.org\/{rel}","templated":true}]}}