{"id":19699,"date":"2014-03-18T13:27:46","date_gmt":"2014-03-18T13:27:46","guid":{"rendered":"http:\/\/www.blog.sztateszt.7digits.net\/blog\/mindent-a-kockazati-tokerol-a-venture-capital-summit-csucskonferencian\/"},"modified":"2014-03-18T13:27:46","modified_gmt":"2014-03-18T13:27:46","slug":"mindent-a-kockazati-tokerol-a-venture-capital-summit-csucskonferencian","status":"publish","type":"blog","link":"https:\/\/www.szta.hu\/en\/blog\/mindent-a-kockazati-tokerol-a-venture-capital-summit-csucskonferencian\/","title":{"rendered":"Mindent a kock\u00e1zati t\u0151k\u00e9r\u0151l a Venture Capital Summit cs\u00facskonferenci\u00e1n"},"content":{"rendered":"<p style=\"text-align: justify;\"><strong><img decoding=\"async\" class=\"alignleft size-medium wp-image-1434\" src=\"https:\/\/szta.hu\/wp-content\/uploads\/2014\/03\/vc-summit1-300x156.jpg\" alt=\"vc-summit1\" width=\"300\" height=\"156\" \/>A szakma tavaszi cs\u00facskonferenci\u00e1j\u00e1n a kock\u00e1zatit\u0151ke-piac vezet\u0151 szerepl\u0151i megvitatj\u00e1k az elm\u00falt \u00e9s a k\u00f6vetkez\u0151 id\u0151szak legjelent\u0151sebb szakmai k\u00e9rd\u00e9seit, illetve besz\u00e1molnak a legfrissebb piaci tapasztalataikr\u00f3l. Emellett a Venture Capital Summit mindazoknak a v\u00e1llalkoz\u00e1soknak is sz\u00f3l, akik naprak\u00e9sz inform\u00e1ci\u00f3k birtok\u00e1ban k\u00edv\u00e1nj\u00e1k b\u0151v\u00edteni a lehet\u0151s\u00e9geiket, optimaliz\u00e1lni c\u00e9g\u00fck m\u0171k\u00f6d\u00e9s\u00e9t. E konferenci\u00e1n term\u00e9szetesen a Sz\u00e9chenyi T\u0151kebefektet\u00e9si Alap is k\u00e9pviselteti mag\u00e1t.<\/strong><\/p>\n<p style=\"text-align: justify;\">A m\u00e1rcius 19-i f\u00fcggetlen konferenci\u00e1n kifejezetten a magyar piac saj\u00e1toss\u00e1gaira reflekt\u00e1l\u00f3 el\u0151ad\u00e1sok, esettanulm\u00e1nyok \u00e9s f\u00f3rumbesz\u00e9lget\u00e9sek hangzanak majd el. Az el\u0151ad\u00e1sok k\u00f6z\u00f6tt a r\u00e9sztvev\u0151knek lehet\u0151s\u00e9ge ny\u00edlik besz\u00e9lgetni vagy vit\u00e1ba sz\u00e1llni a szakma meghat\u00e1roz\u00f3 hazai szerepl\u0151ivel. A konferenci\u00e1n k\u00e9t k\u00fclf\u00f6ldi szaktekint\u00e9ly, Mr. Paolo Cesarini (Head of Unit R&amp;D, Innovation and Risk Capital) \u00e9s Paul deGive (The deBarsy Group LLC, Venture Acceleration) is el\u0151ad.<!--more--><\/p>\n<p style=\"text-align: justify;\">Az SZTA \u2013 Dr. Csuhaj V. Imre el\u0151ad\u00e1s\u00e1ban \u2013 a kisv\u00e1llalkoz\u00e1sok t\u0151kefinansz\u00edroz\u00e1si lehet\u0151s\u00e9geit k\u00edv\u00e1nja megismertetni az \u00e9rintettekkel. A T\u0151kealap-kezel\u0151 eln\u00f6k-vez\u00e9rigazgat\u00f3ja bemutatja az SZTA-n\u00e1l el\u00e9rhet\u0151, egyed\u00fcl\u00e1ll\u00f3 finansz\u00edroz\u00e1si lehet\u0151s\u00e9geket, illetve \u00f6sszegzi az eddigi t\u0151kebefektet\u00e9sek tapasztalatait. T\u00f6r\u00f6k J\u00f3zsef \u00fczletfejleszt\u00e9si igazgat\u00f3 pedig a befektet\u00e9si, kock\u00e1zatkezel\u00e9si strat\u00e9gi\u00e1kr\u00f3l, illetve a befektet\u0151i \u00e9s tulajdonosi jogos\u00edtv\u00e1nyokr\u00f3l sz\u00f3l\u00f3 szakmai besz\u00e9lget\u00e9sben vesz r\u00e9szt.<\/p>\n<p style=\"text-align: justify;\">A rendezv\u00e9ny mindazoknak \u00e9rdekes, akik:<\/p>\n<ul>\n<li>Nyeres\u00e9gesen \u00e9s hat\u00e9konyan akarj\u00e1k m\u0171k\u00f6dtetni n\u00f6veked\u00e9sben lev\u0151 v\u00e1llalatukat,<\/li>\n<li>T\u0151kebefektet\u00e9st terveznek,<\/li>\n<li>T\u00e1rsbefektet\u0151t keresnek<\/li>\n<li>Fejleszteni \u00e9s er\u0151s\u00edteni k\u00edv\u00e1nj\u00e1k hossz\u00fa t\u00e1v\u00fa \u00fczleti kapcsolatrendszer\u00fcket,<\/li>\n<li>\u00c9rdekl\u0151dnek a kock\u00e1zati t\u0151kebefektet\u00e9sek ir\u00e1nt<\/li>\n<\/ul>\n<p style=\"text-align: justify;\">Arra buzd\u00edtunk minden \u00e9rdekl\u0151d\u0151t, hogy vegyen r\u00e9szt a szakma idei cs\u00facskonferenci\u00e1j\u00e1n. amelynek teljes programja a k\u00f6vetkez\u0151 linken \u00e9rhet\u0151 el: <a href=\"https:\/\/vc.ap.hu\/program\" target=\"_blank\" rel=\"noopener nofollow\">https:\/\/vc.ap.hu\/program<\/a>.<\/p>","protected":false},"featured_media":0,"template":"","class_list":["post-19699","blog","type-blog","status-publish","hentry"],"acf":[],"_links":{"self":[{"href":"https:\/\/www.szta.hu\/en\/wp-json\/wp\/v2\/blog\/19699","targetHints":{"allow":["GET"]}}],"collection":[{"href":"https:\/\/www.szta.hu\/en\/wp-json\/wp\/v2\/blog"}],"about":[{"href":"https:\/\/www.szta.hu\/en\/wp-json\/wp\/v2\/types\/blog"}],"wp:attachment":[{"href":"https:\/\/www.szta.hu\/en\/wp-json\/wp\/v2\/media?parent=19699"}],"curies":[{"name":"wp","href":"https:\/\/api.w.org\/{rel}","templated":true}]}}