{"id":19715,"date":"2014-05-30T08:16:27","date_gmt":"2014-05-30T08:16:27","guid":{"rendered":"http:\/\/www.blog.sztateszt.7digits.net\/blog\/nem-kell-nagyon-melyre-asni-a-befektetesert\/"},"modified":"2014-05-30T08:16:27","modified_gmt":"2014-05-30T08:16:27","slug":"nem-kell-nagyon-melyre-asni-a-befektetesert","status":"publish","type":"blog","link":"https:\/\/www.szta.hu\/en\/blog\/nem-kell-nagyon-melyre-asni-a-befektetesert\/","title":{"rendered":"Nem kell nagyon m\u00e9lyre \u00e1sni a befektet\u00e9s\u00e9rt"},"content":{"rendered":"<p style=\"text-align: justify;\"><strong><img decoding=\"async\" class=\"alignleft  wp-image-1578\" alt=\"asas\" src=\"https:\/\/szta.hu\/wp-content\/uploads\/2014\/05\/asas.png\" width=\"179\" height=\"210\" \/>A Sz\u00e9chenyi T\u0151kealap egy rendk\u00edv\u00fcl izgalmas ter\u00fcleten fektetett be. Legfrissebb t\u0151kekihelyez\u00e9s\u00e9vel a hazai f\u00f6ldtani kutat\u00e1sokat \u00e9s fejleszt\u00e9seket seg\u00edti el\u0151. A GEOCHEM Kft. 2006 \u00f3ta m\u0171k\u00f6dik, \u00e9s olyan m\u00e9r\u00e9seket v\u00e9gez speci\u00e1lis k\u0151zetfizikai laborat\u00f3rium\u00e1ban, amelyek a sz\u00e9n, sz\u00e9nhidrog\u00e9n \u00e9s geotermikus kutat\u00e1sokban, a radioakt\u00edv hullad\u00e9kok elhelyez\u00e9s\u00e9ben \u00e9s a met\u00e1nb\u00e1ny\u00e1szatban is alkalmazhat\u00f3k.<\/strong><\/p>\n<p style=\"text-align: justify;\"><strong>Mivel foglalkozik a c\u00e9g?<\/strong><\/p>\n<p style=\"text-align: justify;\">A v\u00e1llalat els\u0151sorban innovat\u00edv K+F tev\u00e9kenys\u00e9get v\u00e9gez t\u00f6bb hazai \u00e9s nemzetk\u00f6zi c\u00e9g \u00e9s b\u00e1nyat\u00e1rsas\u00e1g megb\u00edz\u00e1s\u00e1b\u00f3l, amelyek sz\u00e1m\u00e1ra sz\u00e1mos sikeres m\u00e9r\u00e9st v\u00e9gzett a sz\u00e9nkutat\u00e1s, a geotermikus kutat\u00e1s \u00e9s a radioakt\u00edvanyag-elhelyez\u00e9s ter\u00fclet\u00e9n is. A v\u00e1llalat tulajdon\u00e1ban l\u00e9v\u0151 high-tech felszerelts\u00e9g\u0171 k\u0151zetfizikai laborat\u00f3riumnak k\u00f6sz\u00f6nhet\u0151en e m\u00e9r\u00e9sek rendk\u00edv\u00fcli pontoss\u00e1g\u00faak. A v\u00e1llalkoz\u00e1s magasan kvalifik\u00e1lt m\u00e9rn\u00f6k\u00f6ket foglalkoztat, valamint tudom\u00e1nyos munk\u00e1t v\u00e9gz\u0151 szakembereket is bevon m\u0171k\u00f6d\u00e9s\u00e9be.<strong><!--more--><\/strong><\/p>\n<p style=\"text-align: justify;\">A t\u00e1rsas\u00e1g nem csup\u00e1n laborat\u00f3riumi munk\u00e1val foglalkozik, egyed\u00fcl\u00e1ll\u00f3, saj\u00e1t fejleszt\u00e9s\u0171 univerz\u00e1lis \u00e1tereszt\u0151k\u00e9pess\u00e9g-m\u00e9r\u0151 k\u00e9sz\u00fcl\u00e9ket is \u00e9rt\u00e9kes\u00edt, amellyel 2010 november\u00e9ben region\u00e1lis innov\u00e1ci\u00f3s d\u00edjat is nyert. A v\u00e1llalkoz\u00e1s e m\u00e9r\u0151eszk\u00f6z\u00f6ket folyamatosan fejleszti, \u00e9s k\u00fclf\u00f6ldi \u00e9rt\u00e9kes\u00edt\u00e9s\u00fcket is tervezi. Nem csup\u00e1n az alkalmazott kutat\u00e1ssal foglalkoz\u00f3 c\u00e9gek sz\u00e1m\u00edtanak c\u00e9lpiac\u00e1nak, hanem az egyetemi kutat\u00f3szf\u00e9ra, a nagy\u00fczemi gy\u00e1rt\u00e1shoz kapcsol\u00f3d\u00f3 min\u0151s\u00e9g-ellen\u0151rz\u00e9s (p\u00e9ld\u00e1ul a sz\u0171r\u0151k vizsg\u00e1lata) vagy az orvostudom\u00e1ny k\u00eds\u00e9rleti laborat\u00f3riumai is.<\/p>\n<p style=\"text-align: justify;\"><strong>Milyen konstrukci\u00f3ban fektet a c\u00e9gbe az SZTA?<\/strong><\/p>\n<p style=\"text-align: justify;\">Az Alap k\u00e9t\u00fctem\u0171 t\u0151kebefektet\u00e9st tervez, melynek keret\u00e9ben 2014 els\u0151 fel\u00e9ben megt\u00f6rt\u00e9nt az els\u0151 r\u00e9szlet (120 milli\u00f3 Ft) kihelyez\u00e9se, a tervek szerint pedig 2014 m\u00e1sodik fel\u00e9ben az \u00f6sszeg m\u00e1sodik r\u00e9sze is befektet\u00e9sre ker\u00fcl. Az SZTA ezzel kisebbs\u00e9gi tulajdont szerzett a c\u00e9gben, melyet a tervek szerint az elv\u00e1rt hozam mellett a c\u00e9g 2018 v\u00e9g\u00e9ig k\u00e9pes lesz kiv\u00e1s\u00e1rolni.<\/p>\n<p style=\"text-align: justify;\"><strong>Mi v\u00e1rhat\u00f3 a t\u0151kebefektet\u00e9s ut\u00e1n?<\/strong><\/p>\n<p style=\"text-align: justify;\">A befektetett t\u0151k\u00e9b\u0151l a v\u00e1llalkoz\u00e1s a kutat\u00e1sokhoz sz\u00fcks\u00e9ges eszk\u00f6zparkot \u00e9s munkaer\u0151-\u00e1llom\u00e1nyt tervezi b\u0151v\u00edteni, valamint a saj\u00e1t m\u00e9r\u0151eszk\u00f6zt szeretn\u00e9 fejleszteni \u00e9s piacra vinni. A tov\u00e1bbi fejleszt\u00e9sekt\u0151l a tulajdonos hossz\u00fat\u00e1von j\u00f3 eredm\u00e9nyeket v\u00e1r, amelyre garanci\u00e1t jelent a t\u00e1rsas\u00e1g tev\u00e9kenys\u00e9gi k\u00f6r\u00e9nek speci\u00e1lis jellege. A c\u00e9g f\u00f6ldtani k\u00eds\u00e9rleti laborat\u00f3riuma k\u00fcl\u00f6nb\u00f6z\u0151 komplex p\u00f3rust\u00e9r \u00e9s t\u00e1rol\u00f3t\u00e9r vizsg\u00e1latok elv\u00e9gz\u00e9s\u00e9re \u00e9s ezek geofizikai vizsg\u00e1latokkal val\u00f3 \u00f6sszevet\u00e9s\u00e9re alkalmas. A m\u00e9r\u00e9sek a nagyon t\u00f6m\u00f6r k\u0151zetek porozit\u00e1s\u00e1t, v\u00edz \u00e9s g\u00e1z \u00e1tereszt\u0151- \u00e9s z\u00e1r\u00f3-k\u00e9pess\u00e9g\u00e9t vizsg\u00e1lj\u00e1k. Ilyen kutat\u00e1sokra van sz\u00fcks\u00e9g t\u00f6bbek k\u00f6z\u00f6tt a klasszikus \u00e9s az \u00faj m\u00f3dszerekkel t\u00e1mogatott sz\u00e9nhidrog\u00e9n-kutat\u00e1s, a sz\u00e9nkutat\u00e1s, a radioakt\u00edv hullad\u00e9k elhelyez\u00e9se \u00e9s a nagy m\u00e9lys\u00e9g\u0171 geoterm\u00e1lis kutat\u00e1sok sor\u00e1n. A t\u0151kebefektet\u00e9ssel lehet\u0151v\u00e9 v\u00e1l\u00f3 fejleszt\u00e9seknek k\u00f6sz\u00f6nhet\u0151en a v\u00e1llalat tov\u00e1bb tud terjeszkedni a kutat\u00e1si piacon.<\/p>","protected":false},"featured_media":0,"template":"","class_list":["post-19715","blog","type-blog","status-publish","hentry"],"acf":[],"_links":{"self":[{"href":"https:\/\/www.szta.hu\/en\/wp-json\/wp\/v2\/blog\/19715","targetHints":{"allow":["GET"]}}],"collection":[{"href":"https:\/\/www.szta.hu\/en\/wp-json\/wp\/v2\/blog"}],"about":[{"href":"https:\/\/www.szta.hu\/en\/wp-json\/wp\/v2\/types\/blog"}],"wp:attachment":[{"href":"https:\/\/www.szta.hu\/en\/wp-json\/wp\/v2\/media?parent=19715"}],"curies":[{"name":"wp","href":"https:\/\/api.w.org\/{rel}","templated":true}]}}