{"id":19729,"date":"2014-08-08T07:29:34","date_gmt":"2014-08-08T07:29:34","guid":{"rendered":"http:\/\/www.blog.sztateszt.7digits.net\/blog\/igy-juthatnak-3-milliard-forinthoz-ujabb-magyar-kis-es-kozepvallalkozasok\/"},"modified":"2014-08-08T07:29:34","modified_gmt":"2014-08-08T07:29:34","slug":"igy-juthatnak-3-milliard-forinthoz-ujabb-magyar-kis-es-kozepvallalkozasok","status":"publish","type":"blog","link":"https:\/\/www.szta.hu\/en\/blog\/igy-juthatnak-3-milliard-forinthoz-ujabb-magyar-kis-es-kozepvallalkozasok\/","title":{"rendered":"\u00cdgy juthatnak 3 milli\u00e1rd forinthoz \u00fajabb magyar kis- \u00e9s k\u00f6z\u00e9pv\u00e1llalkoz\u00e1sok"},"content":{"rendered":"<p style=\"text-align: justify;\"><strong><img fetchpriority=\"high\" decoding=\"async\" class=\"alignleft size-medium wp-image-1696\" style=\"margin-top: 10px; margin-bottom: 10px;\" alt=\"magyarorszag-regiok\" src=\"https:\/\/szta.hu\/wp-content\/uploads\/2014\/08\/magyarorszag-regiok-300x187.png\" width=\"300\" height=\"187\" \/>Az Eur\u00f3p\u00e1ban els\u0151k\u00e9nt Magyarorsz\u00e1gon elind\u00edtott t\u00f6meges kisv\u00e1llalati t\u0151kekihelyez\u00e9si program \u00fajabb, uni\u00f3s forr\u00e1sb\u00f3l sz\u00e1rmaz\u00f3 milli\u00e1rdokat biztos\u00edt a n\u00f6veked\u00e9s el\u0151tt \u00e1ll\u00f3 v\u00e1llalatoknak. K\u00e9t h\u00f3napja, a Sz\u00e9chenyi T\u0151kealap megalap\u00edt\u00e1s\u00e1nak harmadik \u00e9vfordul\u00f3j\u00e1r\u00f3l megeml\u00e9kez\u0151 <a href=\"https:\/\/www.szta.hu\/en\/blog\/mar-harom-eve-a-kockazati-toke-piacan\/\" target=\"_blank\" rel=\"noopener nofollow\">bejegyz\u00e9sben<\/a> m\u00e9g arr\u00f3l \u00edrtunk, hogy m\u00e1r 4,6 milli\u00e1rd forintot (az\u00f3ta t\u00f6bb mint 5 milli\u00e1rdot) helyezt\u00fcnk ki a rendelkez\u00e9sre \u00e1ll\u00f3 14 milli\u00e1rdb\u00f3l, most pedig arr\u00f3l sz\u00e1molhatunk be, hogy \u00fajabb 3 milli\u00e1rd forint \u00e9rt\u00e9k\u0171 befektet\u00e9sr\u0151l sz\u00fcletett pozit\u00edv d\u00f6nt\u00e9s. A jelent\u0151s \u00f6sszeg\u0171 kock\u00e1zati t\u0151ke \u00f6sszesen 19 t\u00e1rsas\u00e1got \u00e9rint, emellett pedig t\u00f6bb sz\u00e1z \u00faj munkahelyet is jelenthet.<\/strong><\/p>\n<p style=\"text-align: justify;\">A ny\u00e1r sokak sz\u00e1m\u00e1ra enyh\u00e9bb, pihen\u00e9ssel teli id\u0151szakot jelent, az SZTA-n\u00e1l nem \u00e1llt meg az \u00e9let, s\u0151t, ha lehet, m\u00e9g nagyobb az iram. Az elm\u00falt n\u00e9h\u00e1ny h\u00f3napban az eg\u00e9sz orsz\u00e1g ter\u00fclet\u00e9r\u0151l nagyon sok kis- \u00e9s k\u00f6z\u00e9pv\u00e1llalkoz\u00e1s fordult hozz\u00e1nk t\u0151kebevon\u00e1si ig\u00e9ny\u00e9vel, \u00edgy folyamatosan egyszerre t\u00f6bb c\u00e9g \u00e1tvil\u00e1g\u00edt\u00e1s\u00e1t \u00e9s \u00fczleti terveinek ki\u00e9rt\u00e9kel\u00e9s\u00e9t is levez\u00e9nyelt\u00fck. Ennek eredm\u00e9nye a 3 milli\u00e1rd forint kihelyez\u00e9sr\u0151l sz\u00fcletett d\u00f6nt\u00e9s, \u00e9s 3 t\u00e1rsas\u00e1ggal, \u00f6sszesen 400 milli\u00f3 forint \u00e9rt\u00e9kben m\u00e1r a szerz\u0151d\u00e9sk\u00f6t\u00e9s is megt\u00f6rt\u00e9nt.<!--more--><\/p>\n<p style=\"text-align: justify;\">A d\u00f6nt\u00e9sek \u00e1ltal \u00e9rintett c\u00e9gek t\u00f6bbs\u00e9ge jellemz\u0151en 100-200 milli\u00f3 forint k\u00f6z\u00f6tti \u00f6sszegben k\u00edv\u00e1n t\u0151k\u00e9t bevonni. Rendk\u00edv\u00fcl n\u00e9pszer\u0171 volt az <a href=\"https:\/\/www.szta.hu\/en\/termekeink\/#egyedi_tarsbef\" target=\"_blank\" rel=\"noopener nofollow\">SZTA tavaly indult term\u00e9ke<\/a>, amelynek k\u00f6sz\u00f6nhet\u0151en a v\u00e1llalatoknak lehet\u0151s\u00e9g\u00fck van a t\u0151keforr\u00e1st priv\u00e1t t\u00e1rsbefektet\u0151vel egy\u00fcttm\u0171k\u00f6dve ig\u00e9nyelni, amelynek keret\u00e9ben az SZTA a befektet\u00e9s ak\u00e1r 70 sz\u00e1zal\u00e9k\u00e1t \u00e1llja uni\u00f3s forr\u00e1sb\u00f3l, a marad\u00e9k 30 sz\u00e1zal\u00e9kot pedig a c\u00e9lv\u00e1llalat bels\u0151 t\u0151k\u00e9s\u00edt\u00e9se \u00e9s a f\u00fcggetlen befektet\u0151 biztos\u00edthatja 2:1 ar\u00e1nyban. A most j\u00f3v\u00e1hagyott befektet\u00e9sek k\u00f6z\u00f6tt szerepel de minimis felt\u00e9teleknek megfelel\u0151, 60 milli\u00f3 forint alatti t\u0151keemel\u00e9s is, de sor ker\u00fclhet az els\u0151, priv\u00e1t alappal <a href=\"https:\/\/www.szta.hu\/en\/blog\/befektetotarsakat-keres-a-szechenyi-tokealap\/\" target=\"_blank\" rel=\"noopener nofollow\">keretszerz\u0151d\u00e9s<\/a> alapj\u00e1n megval\u00f3sul\u00f3 k\u00f6z\u00f6s befektet\u00e9sre is, k\u00f6zel 200 milli\u00f3 forintos \u00e9rt\u00e9kben.<\/p>\n<p style=\"text-align: justify;\">Az \u00e9rintett t\u00e1rsas\u00e1gok jelent\u0151s r\u00e9sze eg\u00e9szs\u00e9g\u00fcgyi, faipari, ruhaipari, aut\u00f3ipari besz\u00e1ll\u00edt\u00f3i \u00e9s egy\u00e9b szolg\u00e1ltat\u00e1si tev\u00e9kenys\u00e9get v\u00e9gez, ami tov\u00e1bb b\u0151v\u00edti az SZTA c\u00e9gportfoli\u00f3j\u00e1nak ipar\u00e1gi lefedetts\u00e9g\u00e9t. A 7 magyarorsz\u00e1gi r\u00e9gi\u00f3t tekintve az Alap a 2-2 milli\u00e1rd forintos keretek jelent\u0151s r\u00e9sz\u00e9t n\u00e9gy r\u00e9gi\u00f3ban m\u00e1r kihelyezte, de h\u00e1rom r\u00e9gi\u00f3ban (\u00c9szak-Magyarorsz\u00e1g, D\u00e9l-Dun\u00e1nt\u00fal \u00e9s Nyugat-Dun\u00e1nt\u00fal) m\u00e9g mindig jelent\u0151s \u00f6sszegek \u00e1llnak a fejl\u0151d\u00e9s \u00e9s n\u00f6veked\u00e9s el\u0151tt \u00e1ll\u00f3 kkv-k rendelkez\u00e9s\u00e9re. A tervek szerint 2014 v\u00e9g\u00e9re az Alap el\u00e9rheti a 80 sikeres befektet\u00e9st, \u00e9s a k\u00f6zel 9 milli\u00e1rd forintos kihelyez\u00e9st. Mivel az eredm\u00e9nyek visszaigazolj\u00e1k a v\u00e1llalkoz\u00f3k ig\u00e9ny\u00e9t a lehet\u0151s\u00e9g ir\u00e1nt, v\u00e1rhat\u00f3an a k\u00f6vetkez\u0151 EU finansz\u00edroz\u00e1si ciklusban is fontos szerepet kapnak az ilyen jelleg\u0171 finansz\u00edroz\u00e1si forr\u00e1sok, ak\u00e1r m\u00e1s p\u00e9nz\u00fcgyi eszk\u00f6z\u00f6kkel \u00e9s p\u00e1ly\u00e1zati forr\u00e1sokkal is kombin\u00e1lva.<\/p>","protected":false},"featured_media":0,"template":"","class_list":["post-19729","blog","type-blog","status-publish","hentry"],"acf":[],"_links":{"self":[{"href":"https:\/\/www.szta.hu\/en\/wp-json\/wp\/v2\/blog\/19729","targetHints":{"allow":["GET"]}}],"collection":[{"href":"https:\/\/www.szta.hu\/en\/wp-json\/wp\/v2\/blog"}],"about":[{"href":"https:\/\/www.szta.hu\/en\/wp-json\/wp\/v2\/types\/blog"}],"wp:attachment":[{"href":"https:\/\/www.szta.hu\/en\/wp-json\/wp\/v2\/media?parent=19729"}],"curies":[{"name":"wp","href":"https:\/\/api.w.org\/{rel}","templated":true}]}}