{"id":7360,"date":"2017-01-17T00:00:00","date_gmt":"2017-01-17T00:00:00","guid":{"rendered":"http:\/\/www.blog.sztateszt.7digits.net\/magyar-divatmarka-ugyvezetoje-a-nemzetkozi-forbes-legsikeresebb-fiatalokat-gyujto-listajan\/"},"modified":"2017-01-17T00:00:00","modified_gmt":"2017-01-17T00:00:00","slug":"magyar-divatmarka-ugyvezetoje-a-nemzetkozi-forbes-legsikeresebb-fiatalokat-gyujto-listajan","status":"publish","type":"blog","link":"https:\/\/www.szta.hu\/en\/blog\/magyar-divatmarka-ugyvezetoje-a-nemzetkozi-forbes-legsikeresebb-fiatalokat-gyujto-listajan\/","title":{"rendered":"Magyar divatm\u00e1rka \u00fcgyvezet\u0151je a nemzetk\u00f6zi Forbes legsikeresebb fiatalokat gy\u0171jt\u0151 list\u00e1j\u00e1n"},"content":{"rendered":"<p><strong><img fetchpriority=\"high\" decoding=\"async\" class=\"alignleft size-medium wp-image-7841\" src=\"https:\/\/szta.hu\/wp-content\/uploads\/2017\/01\/laszloffy_vivien-198x300.jpg\" alt=\"\" width=\"198\" height=\"300\" \/>Az \u00c1ERON divatc\u00e9g \u00fcgyvezet\u0151 igazgat\u00f3ja, L\u00e1szl\u00f3ffy Vivien felker\u00fclt az amerikai Forbes 30 \u00e9v alatti tehets\u00e9ges eur\u00f3pai fiatalokat felvonultat\u00f3 list\u00e1j\u00e1ra.<\/strong>  Az amerikai Forbes minden \u00e9vben \u00f6sszegy\u0171jti azokat a 30 \u00e9v alatti kereskedelemben \u00e9s e-kereskedelemben dolgoz\u00f3 tehets\u00e9ges eur\u00f3pai fiatalokat, akik szakmai p\u00e1lyafut\u00e1suk sor\u00e1n kiemelked\u0151 sikereket \u00e9rtek el. Id\u00e9n erre a list\u00e1ra ker\u00fclt fel a 26 \u00e9ves L\u00e1szl\u00f3ffy Vivien, aki 2015 \u00f3ta t\u00f6lti be az SZTA \u00e1ltal kock\u00e1zati t\u0151k\u00e9vel t\u00e1mogatott \u00c1ERON divatipari c\u00e9g \u00fcgyvezet\u0151 igazgat\u00f3i posztj\u00e1t.<!--more-->  Az \u00c1ERON divatm\u00e1rka Jap\u00e1nb\u00f3l \u00e9s Olaszorsz\u00e1gb\u00f3l \u00e9rkez\u0151 anyagokb\u00f3l, Magyarorsz\u00e1gon k\u00e9sz\u00edtett pr\u00e9mium kateg\u00f3ri\u00e1s ruh\u00e1i \u00e9s kieg\u00e9sz\u00edt\u0151i m\u00e1r Londont, P\u00e1rizst, Antwerpent, Toki\u00f3t \u00e9s Sanghajt is megh\u00f3d\u00edtott\u00e1k. A c\u00e9g f\u0151k\u00e9nt exportra termel, term\u00e9kei jelenleg 15 orsz\u00e1g t\u00f6bb mint 100 keresked\u0151j\u00e9n\u00e9l \u00e9rhet\u0151k el. Az \u00c1ERON nem el\u0151sz\u00f6r kap nemzetk\u00f6zi visszhangot, ugyanis 2016 j\u00fanius\u00e1ban a vil\u00e1g els\u0151 sz\u00e1m\u00fa design magazinja, a <a href=\"https:\/\/szta.hu\/blog\/fontos-sikereket-hozott-a-julius-a-szechenyi-tokealap-portfoliocegeinek\/\" target=\"_blank\" rel=\"noopener nofollow\">Wallpaper bemutatta<\/a> a divatm\u00e1rka \u0151szi-t\u00e9li kollekci\u00f3j\u00e1t, megsz\u00f3laltatva \u00c1ron Eszter divattervez\u0151t \u00e9s L\u00e1szl\u00f3ffy Vivien \u00fcgyvezet\u0151 igazgat\u00f3t.  A legnagyobb hazai divatipari portf\u00f3li\u00f3val rendelkez\u0151 Sz\u00e9chenyi T\u0151kebefektet\u00e9si Alap 2014-ben k\u00f6zel 204 milli\u00f3 forintot fektetett a c\u00e9gbe, ennek k\u00f6sz\u00f6nhet\u0151en a c\u00e9g b\u0151v\u00fcl\u00e9se \u00e9s nemzetk\u00f6zi terjeszked\u00e9se nagyobb lend\u00fcletet kapott. Ugyanez mondhat\u00f3 el az SZTA tov\u00e1bbi divatipari portf\u00f3li\u00f3c\u00e9geir\u0151l is:az ABODI, az AGNESKOVACS, a HAMERLI, a KONSANSZKY vagy a REKAVAGO m\u00e1rk\u00e1k is egyre t\u00f6bbsz\u00f6r ker\u00fclnek a nemzetk\u00f6zi divatvil\u00e1g reflektorf\u00e9ny\u00e9be.  Ebben a <a href=\"https:\/\/szta.hu\/blog\/a-vilag-legfontosabb-divatesemenyein-vesznek-reszt-az-szta-divatipari-portfoliocegei\/\" target=\"_blank\" rel=\"noopener nofollow\">bejegyz\u00e9sben<\/a> nemr\u00e9g mi is \u00f6sszegy\u0171jt\u00f6tt\u00fcnk n\u00e9h\u00e1ny aktu\u00e1lis nemzetk\u00f6zi szerepl\u00e9st. Term\u00e9szetesen a felsorol\u00e1s nem teljes, s\u0151t az SZTA divatipari portf\u00f3li\u00f3ja is folyamatosan b\u0151v\u00fcl, legut\u00f3bb az <a href=\"https:\/\/szta.hu\/blog\/ujabb-izgalmas-befektetessel-bovult-a-hazai-tokepiac-legnagyobb-divatipari-cegportfolioja\/\" target=\"_blank\" rel=\"noopener nofollow\">AGNESKOVACS t\u0151kebevon\u00e1s\u00e1r\u00f3l<\/a> sz\u00e1moltunk be a blogon. A magyar divatc\u00e9geknek j\u00f3 h\u00edr, hogy a t\u0151kebefektet\u0151k sorra ismerik fel a szektorban rejl\u0151 n\u00f6veked\u00e9si potenci\u00e1lt,\u00edgy egyre nyitottabbak az \u00e1gazat ir\u00e1nt.  Az \u00c1ERON-t a kiv\u00e1l\u00f3 min\u0151s\u00e9g, az innovat\u00edv kivitelez\u00e9s \u00e9s a k\u00f6nnyed elegancia egyedi kombin\u00e1ci\u00f3ja jellemzi. A kollekci\u00f3kat a hagyom\u00e1nyos szab\u00e1si technik\u00e1k alkalmaz\u00e1sa \u00e9s a legfinomabb anyagok, \u00edgy p\u00e9ld\u00e1ul a jap\u00e1n b\u0151r felhaszn\u00e1l\u00e1sa jellemzi, mely a divatm\u00e1rka v\u00e9djegy\u00e9v\u00e9 is v\u00e1lt.A kollekci\u00f3kban a magas\u00edtott derek\u00fa nadr\u00e1gok, az aszimmetrikus kab\u00e1tok, az oversize pul\u00f3verek \u00e9s a minimalista ruh\u00e1k sz\u00e9les v\u00e1laszt\u00e9k\u00e1t tal\u00e1lhatjuk meg.  Az \u00c1ERON m\u00e1rk\u00e1r\u00f3l a <a href=\"https:\/\/aeron.hu\/en\" target=\"_blank\" rel=\"noopener nofollow\">weboldalon<\/a> lehet m\u00e9g t\u00f6bbet olvasni, illetve a webshopot is itt lehet el\u00e9rni. Emellett \u00e9rdemes k\u00f6vetni a c\u00e9g k\u00f6z\u00f6ss\u00e9gi m\u00e9dia fel\u00fcleteit is (t\u00f6bbek k\u00f6z\u00f6tt <a href=\"https:\/\/www.facebook.com\/aeron.aeronstudio\" target=\"_blank\" rel=\"noopener nofollow\">Facebookot<\/a>, valamint az <a href=\"https:\/\/www.instagram.com\/aeronstudio\/\" target=\"_blank\" rel=\"noopener nofollow\">Instagramot<\/a>), ugyanis a legfrissebb h\u00edrekr\u0151l, az \u00faj kollekci\u00f3kr\u00f3l \u00e9s akci\u00f3kr\u00f3l is itt lehet \u00e9rtes\u00fclni.  Fot\u00f3 forr\u00e1sa: <a href=\"https:\/\/www.forbes.com\/30-under-30-europe-2017\/retail-ecommerce\/#155de15c188d\" target=\"_blank\" rel=\"noopener nofollow\">Forbes USA<\/a>, c\u00edmlapk\u00e9p: <a href=\"https:\/\/www.facebook.com\/aeron.aeronstudio\" target=\"_blank\" rel=\"noopener nofollow\">\u00c1ERON Facebook<\/a> [post_newsletter title=&#8221;Iratkozzon fel h\u00edrlevel\u00fcnkre!&#8221;][\/post_newsletter]<\/p>\n","protected":false},"featured_media":0,"template":"","class_list":["post-7360","blog","type-blog","status-publish","hentry"],"acf":[],"_links":{"self":[{"href":"https:\/\/www.szta.hu\/en\/wp-json\/wp\/v2\/blog\/7360","targetHints":{"allow":["GET"]}}],"collection":[{"href":"https:\/\/www.szta.hu\/en\/wp-json\/wp\/v2\/blog"}],"about":[{"href":"https:\/\/www.szta.hu\/en\/wp-json\/wp\/v2\/types\/blog"}],"wp:attachment":[{"href":"https:\/\/www.szta.hu\/en\/wp-json\/wp\/v2\/media?parent=7360"}],"curies":[{"name":"wp","href":"https:\/\/api.w.org\/{rel}","templated":true}]}}