{"id":7362,"date":"2017-01-23T00:00:00","date_gmt":"2017-01-23T00:00:00","guid":{"rendered":"http:\/\/www.blog.sztateszt.7digits.net\/az-szta-rugalmas-es-transzparens-megoldast-kinal-a-privat-tokebefektetesek-osztonzesere\/"},"modified":"2017-01-23T00:00:00","modified_gmt":"2017-01-23T00:00:00","slug":"az-szta-rugalmas-es-transzparens-megoldast-kinal-a-privat-tokebefektetesek-osztonzesere","status":"publish","type":"blog","link":"https:\/\/www.szta.hu\/en\/blog\/az-szta-rugalmas-es-transzparens-megoldast-kinal-a-privat-tokebefektetesek-osztonzesere\/","title":{"rendered":"Az SZTA rugalmas \u00e9s transzparens megold\u00e1st k\u00edn\u00e1l a priv\u00e1t t\u0151kebefektet\u00e9sek \u00f6szt\u00f6nz\u00e9s\u00e9re"},"content":{"rendered":"<p><strong><img decoding=\"async\" class=\"alignleft size-medium wp-image-8101\" src=\"https:\/\/szta.hu\/wp-content\/uploads\/2017\/01\/felfutoban-300x146.jpg\" alt=\"\" width=\"300\" height=\"146\" \/>A mag\u00e1nbefektet\u0151k piaci aktivit\u00e1s\u00e1nak n\u00f6vel\u00e9se a magyar kock\u00e1zatit\u0151ke-piac egyik aktu\u00e1lis kih\u00edv\u00e1sa. Pozit\u00edv eredm\u00e9nyeket m\u00e1r most is l\u00e1thatunk, el\u00e9g csak a Sz\u00e9chenyi T\u0151kebefektet\u00e9si Alap t\u0151kekonstrukci\u00f3j\u00e1t eml\u00edteni, amely a v\u00e1rtn\u00e1l nagyobb m\u00e9rt\u00e9kben \u00f6szt\u00f6n\u00f6zte a hazai mag\u00e1nbefektet\u0151i k\u00f6r t\u0151kepiaci aktivit\u00e1s\u00e1t. \u00cdgy az elm\u00falt h\u00e1rom \u00e9vben az Alapnak k\u00f6sz\u00f6nhet\u0151en a kkv-k tucatnyi olyan hazai mag\u00e1nbefektet\u0151t\u0151l vonhattak be addicion\u00e1lis t\u0151keforr\u00e1st, amelyek az SZTA befektet\u00e9si tev\u00e9kenys\u00e9ge n\u00e9lk\u00fcl val\u00f3sz\u00edn\u0171leg nem fektettek volna be a c\u00e9gekbe.Az eddigi tapasztalatok alapj\u00e1n id\u00e9n m\u00e9g t\u00f6bb olyan v\u00e1llalkoz\u00e1s keresi meg az SZTA-t, ahol a tud\u00e1s mellett jelent\u0151s mag\u00e1nt\u0151ke is elk\u00f6telez\u0151d\u00f6tt.<\/strong>  Az Eur\u00f3pai Bizotts\u00e1g 2013-ban egyedi enged\u00e9ly alapj\u00e1n tette lehet\u0151v\u00e9 az SZTA sz\u00e1m\u00e1ra, hogy mag\u00e1nbefektet\u0151kkel <a href=\"https:\/\/szta.hu\/blog\/az-szta-es-a-tarsbefektetok-egyutt-meg-tobb-hazai-vallalkozast-ernek-el\/\" target=\"_blank\" rel=\"noopener nofollow\">egy\u00fctt fektessen be<\/a> val\u00f3s n\u00f6veked\u00e9si potenci\u00e1llal b\u00edr\u00f3 magyar kis- \u00e9s k\u00f6z\u00e9pv\u00e1llalkoz\u00e1sokba. Az\u00f3ta az Alap 28 t\u0151kebefektet\u00e9st a c\u00e9lt\u00e1rsas\u00e1gokt\u00f3l f\u00fcggetlen <a href=\"https:\/\/szta.hu\/blog\/osszesen-45-milliard-forint-magantoke-befekteteset-osztonozte-az-szta-tevekenysege\/\" target=\"_blank\" rel=\"noopener nofollow\">mag\u00e1nbefektet\u0151kkel egy\u00fctt<\/a> val\u00f3s\u00edtott meg, tov\u00e1bbi 15 befektet\u00e9sben pedig alap\u00edt\u00f3i vagy t\u00e1rsas\u00e1gi forr\u00e1s ker\u00fclt be a c\u00e9gekbe az SZTA t\u0151keemel\u00e9s\u00e9vel p\u00e1rhuzamosan.<!--more-->  \u00cdgy befektet\u00e9sei k\u00f6zel fel\u00e9ben vont be mag\u00e1nt\u0151k\u00e9t, ez\u00e1ltal t\u00f6bb milli\u00e1rd forint \u00e9rt\u00e9k\u0171 priv\u00e1t forr\u00e1s kihelyez\u00e9s\u00e9t seg\u00edtette el\u0151 a hazai kkv szektorban. A t\u0151kekonstrukci\u00f3 biztos\u00edtja, hogy a v\u00e1llalkoz\u00e1sok szab\u00e1lyozott keretek k\u00f6z\u00f6tt jussanak hozz\u00e1 a mag\u00e1nt\u0151k\u00e9hez. Emellett fontos el\u0151nye, hogy egy\u00e9b t\u0151keprogramokhoz k\u00e9pest lehet\u0151s\u00e9get ad a priv\u00e1t szerepl\u0151knek a tranzakci\u00f3nk\u00e9nti kock\u00e1zatv\u00e1llal\u00e1sra, \u00edgy rugalmasan, hossz\u00fa t\u00e1v\u00fa partneri elk\u00f6telez\u0151d\u00e9s n\u00e9lk\u00fcl tudnak d\u00f6nteni a c\u00e9lv\u00e1llalatokba t\u00f6rt\u00e9n\u0151 befektet\u00e9sr\u0151l.  Az SZTA t\u00e1rsbefektet\u00e9si konstrukci\u00f3j\u00e1hoz hasonl\u00f3 megold\u00e1sok r\u00e9v\u00e9n olyan piaci szerepl\u0151k aktiviz\u00e1l\u00e1sa is lehet\u0151v\u00e9 v\u00e1lik, akik az egyes \u00fcgyletek kock\u00e1zat\u00e1t egyed\u00fcl nem v\u00e1llaln\u00e1k. Az \u00e1llami szerepv\u00e1llal\u00e1s \u00f6szt\u00f6n\u00f6zte er\u0151sebb mag\u00e1nbefektet\u0151i aktivit\u00e1snak k\u00f6sz\u00f6nhet\u0151en a kkv-k n\u00f6veked\u00e9si terveik megval\u00f3s\u00edt\u00e1s\u00e1nak finansz\u00edroz\u00e1s\u00e1hoz nagyobb m\u00e9rt\u00e9k\u0171 kock\u00e1zati t\u0151k\u00e9t k\u00e9pesek bevonni. Emellett tov\u00e1bbi fontos el\u0151nyt jelent sz\u00e1mukra, hogy a priv\u00e1t befektet\u0151 jellemz\u0151en operat\u00edv szinten is t\u00e1mogatja a m\u0171k\u00f6d\u00e9st, valamint szakmai kapcsolati h\u00e1l\u00f3j\u00e1val, p\u00e9ld\u00e1ul a kiv\u00e1s\u00e1rl\u00f3 partnerek felkutat\u00e1s\u00e1val is seg\u00edteni tudja a tulajdonosokat. [post_newsletter title=&#8221;Iratkozzon fel h\u00edrlevel\u00fcnkre!&#8221;][\/post_newsletter]  A magyar korm\u00e1ny a hazai kkv szektor versenyk\u00e9pess\u00e9g\u00e9nek meger\u0151s\u00edt\u00e9s\u00e9t kiemelt feladatk\u00e9nt kezeli, amelynek fontos l\u00e1ba a visszat\u00e9r\u00edtend\u0151 p\u00e9nz\u00fcgyi forr\u00e1sok, azon bel\u00fcl is a t\u0151kebefektet\u00e9sek szerep\u00e9nek n\u00f6vel\u00e9se, lehet\u0151leg mind piaci, mind \u00e1llami szerepv\u00e1llal\u00e1ssal.Ennek megfelel\u0151en a hazai innovat\u00edv v\u00e1llalkoz\u00f3i k\u00f6rnyezet fejleszt\u00e9s\u00e9r\u0151l, a felt\u00f6rekv\u0151 digit\u00e1lis v\u00e1llalkoz\u00e1sok versenyk\u00e9pess\u00e9g\u00e9nek jav\u00edt\u00e1s\u00e1r\u00f3l \u00e9s <a href=\"https:\/\/szta.hu\/blog\/digitalis-startup-strategia-igy-valhat-viragzo-startup-fovarossa-budapest\/\" target=\"_blank\" rel=\"noopener nofollow\">Magyarorsz\u00e1g Digit\u00e1lis Startup Strat\u00e9gi\u00e1j\u00e1r\u00f3l<\/a>\u00a0sz\u00f3l\u00f3 1858\/2016. (XII. 27.) korm\u00e1nyhat\u00e1rozatban is olyan t\u00e1rsbefektet\u00e9si konstrukci\u00f3 kialak\u00edt\u00e1s\u00e1t t\u00e1mogatja, amely az \u00e1llami \u00e9s a piaci szerepl\u0151k kock\u00e1zatv\u00e1llal\u00e1s\u00e1nak megoszt\u00e1s\u00e1val \u00f6szt\u00f6nzi a hazai t\u0151kebefektet\u00e9sek sz\u00e1m\u00e1nak n\u00f6veked\u00e9s\u00e9t.\u00cdgy a k\u00f6zelj\u00f6v\u0151ben v\u00e1rhat\u00f3 \u00fajabb \u00e1llami t\u0151keprogramoknak k\u00f6sz\u00f6nhet\u0151en a mag\u00e1nbefektet\u0151knek lehet\u0151s\u00e9g\u00fck lesz a kisebb kock\u00e1zat melletti t\u0151kekihelyez\u00e9sre.  Az eddigi tapasztalatok alapj\u00e1n elmondhat\u00f3, hogy a korm\u00e1ny priv\u00e1t befektet\u0151k aktiviz\u00e1l\u00e1s\u00e1t c\u00e9lz\u00f3 ir\u00e1nymutat\u00e1sa val\u00f3s ig\u00e9nyt fogalmaz meg, a kkv szektornak t\u00f6bb mag\u00e1nforr\u00e1sra lenne sz\u00fcks\u00e9ge versenyk\u00e9pess\u00e9g\u00e9nek meger\u0151s\u00edt\u00e9s\u00e9hez. Az SZTA portf\u00f3li\u00f3c\u00e9gei eset\u00e9ben a <a href=\"https:\/\/szta.hu\/blog\/osszesen-45-milliard-forint-magantoke-befekteteset-osztonozte-az-szta-tevekenysege\/\" target=\"_blank\" rel=\"noopener nofollow\">t\u00e1rsbefektet\u0151i jelenl\u00e9t<\/a> jellemz\u0151en gyorsabb el\u0151rehalad\u00e1st eredm\u00e9nyezett a v\u00e1llalkoz\u00e1sfejleszt\u00e9sben. Tapasztalataink szerint a megosztott kock\u00e1zatv\u00e1llal\u00e1st lehet\u0151v\u00e9 t\u00e9v\u0151, rugalmas t\u0151kekonstrukci\u00f3k val\u00f3s alternat\u00edv\u00e1t ny\u00fajtanak a mag\u00e1nbefektet\u0151knek, \u00edgy az SZTA tov\u00e1bbra is keresi azokat a befektet\u00e9si lehet\u0151s\u00e9geket, ahol a mag\u00e1npiaci szerepl\u0151k forr\u00e1sai mellett azok szaktud\u00e1sa \u00e9s ipar\u00e1gi kapcsolatrendszere seg\u00edti a v\u00e1llalkoz\u00e1sok el\u0151rejut\u00e1s\u00e1t.<\/p>\n","protected":false},"featured_media":7363,"template":"","class_list":["post-7362","blog","type-blog","status-publish","has-post-thumbnail","hentry"],"acf":[],"_links":{"self":[{"href":"https:\/\/www.szta.hu\/en\/wp-json\/wp\/v2\/blog\/7362","targetHints":{"allow":["GET"]}}],"collection":[{"href":"https:\/\/www.szta.hu\/en\/wp-json\/wp\/v2\/blog"}],"about":[{"href":"https:\/\/www.szta.hu\/en\/wp-json\/wp\/v2\/types\/blog"}],"wp:featuredmedia":[{"embeddable":true,"href":"https:\/\/www.szta.hu\/en\/wp-json\/"}],"wp:attachment":[{"href":"https:\/\/www.szta.hu\/en\/wp-json\/wp\/v2\/media?parent=7362"}],"curies":[{"name":"wp","href":"https:\/\/api.w.org\/{rel}","templated":true}]}}