{"id":7382,"date":"2017-03-08T00:00:00","date_gmt":"2017-03-08T00:00:00","guid":{"rendered":"http:\/\/www.blog.sztateszt.7digits.net\/a-hazai-ipari-termeles-noveleseben-kiemelt-szerepe-lesz-az-autoipari-beszallitok-tamogatasanak\/"},"modified":"2017-03-08T00:00:00","modified_gmt":"2017-03-08T00:00:00","slug":"a-hazai-ipari-termeles-noveleseben-kiemelt-szerepe-lesz-az-autoipari-beszallitok-tamogatasanak","status":"publish","type":"blog","link":"https:\/\/www.szta.hu\/en\/blog\/a-hazai-ipari-termeles-noveleseben-kiemelt-szerepe-lesz-az-autoipari-beszallitok-tamogatasanak\/","title":{"rendered":"A hazai ipari termel\u00e9s n\u00f6vel\u00e9s\u00e9ben kiemelt szerepe lesz az aut\u00f3ipari besz\u00e1ll\u00edt\u00f3k t\u00e1mogat\u00e1s\u00e1nak"},"content":{"rendered":"<p><strong><img fetchpriority=\"high\" decoding=\"async\" class=\"alignleft size-medium wp-image-9891\" src=\"https:\/\/szta.hu\/wp-content\/uploads\/2017\/03\/autoipar-300x212.jpg\" alt=\"\" width=\"300\" height=\"212\" \/>Elemz\u0151k szerint a k\u00f6vetkez\u0151 \u00e9vekben \u00e9vi 4 sz\u00e1zal\u00e9kos hazai GDP-n\u00f6veked\u00e9s is el\u00e9rhet\u0151, amelyhez t\u00f6bbek k\u00f6z\u00f6tt sz\u00fcks\u00e9g lesz a <a href=\"https:\/\/www.vg.hu\/gazdasag\/makrogazdasag\/donto-tenyezo-az-autoipar-483792\" target=\"_blank\" rel=\"noopener nofollow\">magyarorsz\u00e1gi aut\u00f3ipar b\u0151v\u00fcl\u00e9s\u00e9re<\/a>, valamint a kkv-k exportk\u00e9pess\u00e9g\u00e9nek n\u00f6vel\u00e9s\u00e9re<\/strong><strong>\u00a0is. A 2014-2020-as k\u00f6lts\u00e9gvet\u00e9si ciklus <a href=\"https:\/\/szta.hu\/blog\/tobb-mint-4000-vallalkozas-nyerhet-az-54-milliard-forintos-unios-palyazatokon\/\" target=\"_blank\" rel=\"noopener nofollow\">EU-forr\u00e1sainak<\/a> leh\u00edv\u00e1sa<\/strong><strong>, valamint az ipari v\u00e1llalkoz\u00e1sok fejleszt\u00e9s\u00e9t finansz\u00edroz\u00f3 \u00e1llami programok v\u00e1rhat\u00f3an jelent\u0151s m\u00e9rt\u00e9kben t\u00e1mogatj\u00e1k majd e c\u00e9lok el\u00e9r\u00e9s\u00e9t.<\/strong><\/p>\n<p>Magyarorsz\u00e1g az aut\u00f3ipari term\u00e9kek, alkatr\u00e9szek tekintet\u00e9ben region\u00e1lis k\u00f6zpontnak sz\u00e1m\u00edt, a j\u00e1rm\u0171gy\u00e1rt\u00e1s a gazdas\u00e1g brutt\u00f3 hozz\u00e1adott \u00e9rt\u00e9k\u00e9nek mintegy 5 sz\u00e1zal\u00e9k\u00e1t adja, mik\u00f6zben k\u00e9pes stabiliz\u00e1lni hozz\u00e1 kapcsol\u00f3d\u00f3 ipar\u00e1gakat is (pl. vas- \u00e9s f\u00e9mipar, g\u00e9pgy\u00e1rt\u00e1s, elektronikai ipar). A kelet-k\u00f6z\u00e9p-eur\u00f3pai r\u00e9gi\u00f3 k\u00f6lts\u00e9g- \u00e9s versenyel\u0151nye a kontinensen bel\u00fcl els\u0151sorban az olcs\u00f3, rugalmasan foglalkoztathat\u00f3, motiv\u00e1lt \u00e9s hat\u00e9kony munkaer\u0151b\u0151l, tov\u00e1bb\u00e1 a f\u0151 piacok gyors \u00e9s olcs\u00f3 <a href=\"https:\/\/www.kormany.hu\/download\/d\/c1\/b0000\/Irinyi-terv.pdf\" target=\"_blank\" rel=\"noopener nofollow\">el\u00e9r\u00e9s\u00e9b\u0151l fakad<\/a>. A r\u00e9gi\u00f3 valamennyi jelent\u0151s j\u00e1rm\u0171gy\u00e1rt\u00f3 orsz\u00e1g\u00e1ra, \u00edgy Magyarorsz\u00e1gra is jellemz\u0151, hogy az ut\u00f3bbi egy-k\u00e9t \u00e9vben lelassult a kor\u00e1bbi lend\u00fcletes termel\u00e9s-b\u0151v\u00fcl\u00e9s. V\u00e1ltoz\u00e1st ind\u00edthat el azonban, hogy 2017-t\u0151l \u00e9s 2018-t\u00f3l <a href=\"https:\/\/gazdasagtv.hu\/makrogazdasag\/magyarorszag\/2017-02-03\/2018-ra-indulhat-meg-az-ipari-termeles-magyarorszagon\" target=\"_blank\" rel=\"noopener nofollow\">\u00fajabb aut\u00f3ipari beruh\u00e1z\u00e1sok<\/a> v\u00e1rhat\u00f3k haz\u00e1nkban, ami egy felk\u00e9sz\u00fclt, min\u0151s\u00e9gi term\u00e9keket \u00e9s szolg\u00e1ltat\u00e1sokat biztos\u00edt\u00f3 besz\u00e1ll\u00edt\u00f3i h\u00e1l\u00f3zat megl\u00e9t\u00e9t is sz\u00fcks\u00e9gess\u00e9 teszi. Egy versenyk\u00e9pes kkv-kb\u00f3l \u00e1ll\u00f3 hazai besz\u00e1ll\u00edt\u00f3i k\u00f6r pedig a k\u00e9s\u0151bbiekben tov\u00e1bbi j\u00e1rm\u0171ipari \u00f3ri\u00e1sok megjelen\u00e9seit, beruh\u00e1z\u00e1sait is mag\u00e1val vonhatja, ami mind a hazai aut\u00f3iparra, mind az ipari termel\u00e9s volumen\u00e9re pozit\u00edv hat\u00e1ssal lehet.<\/p>\n<p>[post_newsletter title=&#8221;Iratkozzon fel h\u00edrlevel\u00fcnkre!&#8221;][\/post_newsletter]<\/p>\n<p>Az ipari termel\u00e9s volumene mellett a hat\u00e9konys\u00e1got \u00e9s korszer\u0171s\u00e9get n\u00f6vel\u0151 innov\u00e1ci\u00f3s tev\u00e9kenys\u00e9g \u00e9s az \u00fczleti folyamatok digitaliz\u00e1l\u00e1sa is fontos szempont a besz\u00e1ll\u00edt\u00f3kat keres\u0151 nagyv\u00e1llalatokn\u00e1l. Az <a href=\"https:\/\/szta.hu\/blog\/hatalmas-potencial-rejlik-magyar-egeszsegugy-digitalizalasaban\/\" target=\"_blank\" rel=\"noopener nofollow\">eg\u00e9szs\u00e9g\u00fcgyh\u00f6z<\/a> hasonl\u00f3an\u00a0ugyanis az aut\u00f3ipar is jelent\u0151s m\u00e9rt\u00e9k\u0171 meg\u00fajul\u00e1son megy kereszt\u00fcl, ahol a nemzetk\u00f6zi trendek \u00e1ltal t\u00e1masztott <a href=\"https:\/\/szta.hu\/blog\/a-globalis-autoipar-a-tortenelem-legradikalisabb-valtozasa-elott-all-mit-lephetnek-a-beszallitok\/\" target=\"_blank\" rel=\"noopener nofollow\">aut\u00f3gy\u00e1rt\u00f3i ig\u00e9nyek<\/a> dikt\u00e1lj\u00e1k az iramot. Ebben a helyzetben pedig a felk\u00e9sz\u00fclt, v\u00e1ltoz\u00e1sokra rugalmas \u00e9s innovat\u00edv besz\u00e1ll\u00edt\u00f3 c\u00e9gek jelenthetik a megold\u00e1st. A korm\u00e1ny iparfejleszt\u00e9si strat\u00e9gi\u00e1ja, az Irinyi Terv h\u00e9t kiemelten t\u00e1mogatand\u00f3 ipar\u00e1gai k\u00f6zt els\u0151k\u00e9nt eml\u00edti a j\u00e1rm\u0171ipart. A strat\u00e9gia c\u00e9lja az aut\u00f3ipar ter\u00fclet\u00e9n, hogy a k\u00f6vetkez\u0151 \u00e9vekben mind a szem\u00e9lyaut\u00f3k, mind a k\u00f6z\u00f6ss\u00e9gi k\u00f6zleked\u00e9s lebonyol\u00edt\u00e1s\u00e1ra alkalmas j\u00e1rm\u0171vek gy\u00e1rt\u00e1sa is n\u00f6vekedjen Magyarorsz\u00e1gon.<\/p>\n<p>Ehhez \u2013 ahogy az ipar t\u00f6bbi ter\u00fclet\u00e9n is \u2013 k\u00e9pess\u00e9 kell tenni a kkv-kat k\u00f6zepes vagy nagy feldolgozotts\u00e1gi szint\u0171 term\u00e9kek el\u0151\u00e1ll\u00edt\u00e1s\u00e1ra, b\u0151v\u00edteni kell a nagy nemzetk\u00f6zi c\u00e9gekhez besz\u00e1ll\u00edtani k\u00e9pes v\u00e1llalkoz\u00e1sok k\u00f6r\u00e9t, valamint a c\u00e9gekn\u00e9l jav\u00edtani kell a K+F+I hajland\u00f3s\u00e1got \u00e9s k\u00e9pess\u00e9get, hogy az \u00e1ltaluk besz\u00e1ll\u00edt\u00f3k\u00e9nt legy\u00e1rtott term\u00e9kek egyre nagyobb h\u00e1nyada saj\u00e1t fejleszt\u00e9s eredm\u00e9nyek\u00e9nt j\u00f6jj\u00f6n l\u00e9tre. Ennek \u00e9rdek\u00e9ben a hazai ipari kkv-k sz\u00e1m\u00e1ra 2017-t\u0151l a kor\u00e1bbin\u00e1l t\u00f6bb finansz\u00edroz\u00e1si forr\u00e1s \u00e1ll rendelkez\u00e9s\u00e9re fejleszt\u00e9si, terjeszked\u00e9si c\u00e9ljainak megval\u00f3s\u00edt\u00e1s\u00e1hoz. \u00c9rdemes kiemelni, hogy id\u00e9n t\u00f6bb sz\u00e1zmilli\u00e1rd forintnyi forr\u00e1s v\u00e1lik el\u00e9rhet\u0151v\u00e9 a kkv-k sz\u00e1m\u00e1ra k\u00fcl\u00f6nb\u00f6z\u0151 c\u00e9ljaik megval\u00f3s\u00edt\u00e1s\u00e1hoz p\u00e1ly\u00e1zati \u00e9s kombin\u00e1lt hotel form\u00e1j\u00e1ban, illetve id\u00e9n h\u00e1rom projekt indulhat el a j\u00e1rm\u0171gy\u00e1rt\u00e1s \u00e9s az ipari digitaliz\u00e1ci\u00f3 ter\u00fclet\u00e9n az NGM \u00f6sszesen <a href=\"https:\/\/profit7.hu\/hirek\/szaz-kisvallalkozas-juthat-tamogatashoz\" target=\"_blank\" rel=\"noopener nofollow\">14 milli\u00e1rd forintos besz\u00e1ll\u00edt\u00f3i programj\u00e1ban<\/a>.<\/p>\n<p>Emellett pedig a Sz\u00e9chenyi T\u0151kealap-kezel\u0151 Zrt. t\u0151keprogramjak\u00e9nt id\u00e9n kezdi meg tev\u00e9kenys\u00e9g\u00e9t a hazai iparfejleszt\u00e9si c\u00e9lok megval\u00f3s\u00edt\u00e1s\u00e1t t\u00e1mogat\u00f3 <a href=\"https:\/\/szta.hu\/blog\/az-szta-eredmenyei-meggyozoek-2017-tol-ujabb-tokeforrasokat-helyezhet-ki\/\" target=\"_blank\" rel=\"noopener nofollow\">Irinyi Kock\u00e1zati T\u0151kealap I. \u00e9s II.<\/a>\u00a0Ez ut\u00f3bbi program v\u00e1rhat\u00f3 sikeress\u00e9g\u00e9t \u00e9s hat\u00e9konys\u00e1g\u00e1t er\u0151s\u00edti, hogy az Alapkezel\u0151 az SZTA t\u0151keprogramj\u00e1n kereszt\u00fcl egyed\u00fcl\u00e1ll\u00f3 tapasztalatokat szerzett <a href=\"https:\/\/szta.hu\/blog\/kockazati-toke-erositi-a-hazai-fem-es-gepipar-fejleszteset\/\" target=\"_blank\" rel=\"noopener nofollow\">j\u00e1rm\u0171, g\u00e9p- \u00e9s f\u00e9mipari v\u00e1llalkoz\u00e1sok<\/a> finansz\u00edroz\u00e1s\u00e1ban.<\/p>\n","protected":false},"featured_media":2235,"template":"","class_list":["post-7382","blog","type-blog","status-publish","has-post-thumbnail","hentry"],"acf":[],"_links":{"self":[{"href":"https:\/\/www.szta.hu\/en\/wp-json\/wp\/v2\/blog\/7382","targetHints":{"allow":["GET"]}}],"collection":[{"href":"https:\/\/www.szta.hu\/en\/wp-json\/wp\/v2\/blog"}],"about":[{"href":"https:\/\/www.szta.hu\/en\/wp-json\/wp\/v2\/types\/blog"}],"wp:featuredmedia":[{"embeddable":true,"href":"https:\/\/www.szta.hu\/en\/wp-json\/"}],"wp:attachment":[{"href":"https:\/\/www.szta.hu\/en\/wp-json\/wp\/v2\/media?parent=7382"}],"curies":[{"name":"wp","href":"https:\/\/api.w.org\/{rel}","templated":true}]}}