{"id":7403,"date":"2017-04-12T00:00:00","date_gmt":"2017-04-12T00:00:00","guid":{"rendered":"http:\/\/www.blog.sztateszt.7digits.net\/innovativ-vallalkozasa-van-egy-kerdoiv-kitoltesevel-segitheti-a-tokefinanszirozasi-lehetosegek-fejleszteset\/"},"modified":"2017-04-12T00:00:00","modified_gmt":"2017-04-12T00:00:00","slug":"innovativ-vallalkozasa-van-egy-kerdoiv-kitoltesevel-segitheti-a-tokefinanszirozasi-lehetosegek-fejleszteset","status":"publish","type":"blog","link":"https:\/\/www.szta.hu\/en\/blog\/innovativ-vallalkozasa-van-egy-kerdoiv-kitoltesevel-segitheti-a-tokefinanszirozasi-lehetosegek-fejleszteset\/","title":{"rendered":"Innovat\u00edv v\u00e1llalkoz\u00e1sa van? Egy k\u00e9rd\u0151\u00edv kit\u00f6lt\u00e9s\u00e9vel seg\u00edtheti a t\u0151kefinansz\u00edroz\u00e1si lehet\u0151s\u00e9gek fejleszt\u00e9s\u00e9t!"},"content":{"rendered":"<p><img fetchpriority=\"high\" decoding=\"async\" class=\"alignleft size-medium wp-image-10621\" src=\"https:\/\/szta.hu\/wp-content\/uploads\/2017\/04\/kerdoiv-300x201.jpg\" alt=\"\" width=\"300\" height=\"201\" \/>\u00c1tfog\u00f3 elemz\u00e9s k\u00e9sz\u00fcl a Duna R\u00e9gi\u00f3 orsz\u00e1gainak korai f\u00e1zis\u00fa kis- \u00e9s k\u00f6z\u00e9pv\u00e1llalkoz\u00e1sait c\u00e9lz\u00f3 finansz\u00edroz\u00e1si forr\u00e1sokr\u00f3l. Kiemelt c\u00e9l, hogy az innovat\u00edv v\u00e1llalkoz\u00e1sok el\u0151tt a kor\u00e1bbiakn\u00e1l m\u00e9g t\u00f6bb \u00e9s m\u00e9g ink\u00e1bb nekik sz\u00f3l\u00f3 finansz\u00edroz\u00e1si lehet\u0151s\u00e9gek ny\u00edljanak meg.  Ennek \u00e9rdek\u00e9ben a Sz\u00e9chenyi T\u0151kealap-kezel\u0151 Zrt. az Interreg Danube Transnation Programme <a href=\"https:\/\/www.interreg-danube.eu\/approved-projects\/accelerator\" target=\"_blank\" rel=\"noopener nofollow\">ACCELERATOR<\/a>\u00a0-nemzetk\u00f6zi projekt keret\u00e9ben felm\u00e9r\u00e9st k\u00e9sz\u00edt a magyarorsz\u00e1gi innov\u00e1ci\u00f3vez\u00e9relt KKV-k korai f\u00e1zis\u00fa finansz\u00edroz\u00e1s\u00e1val kapcsolatban tapasztalt kih\u00edv\u00e1sair\u00f3l.  K\u00e9rj\u00fck olvas\u00f3inkat, hogy az al\u00e1bbi <a href=\"https:\/\/goo.gl\/forms\/pfzrZj0WX9HYthXF2\" target=\"_blank\" rel=\"noopener nofollow\">linken<\/a>\u00a0tal\u00e1lhat\u00f3 anonim k\u00e9rd\u0151\u00edv kit\u00f6lt\u00e9s\u00e9vel seg\u00edts\u00e9k a felm\u00e9r\u00e9st! A kit\u00f6lt\u00e9seket \u00e1prilis 18-ig v\u00e1rjuk, illetve a k\u00e9rd\u0151\u00edv minden tov\u00e1bbi megoszt\u00e1s\u00e1t h\u00e1l\u00e1san k\u00f6sz\u00f6nj\u00fck!  A k\u00e9rd\u0151\u00edv angol nyelv\u0171, kit\u00f6lt\u00e9se kb. 8-10 percet ig\u00e9nyel.  A k\u00e9rd\u0151\u00edv linkje: <a href=\"https:\/\/goo.gl\/forms\/pfzrZj0WX9HYthXF2\" rel=\"nofollow noopener\" target=\"_blank\">https:\/\/goo.gl\/forms\/pfzrZj0WX9HYthXF2<\/a>  Seg\u00edts\u00e9g\u00e9t el\u0151re is h\u00e1l\u00e1san k\u00f6sz\u00f6nj\u00fck! [post_newsletter title=&#8221;Iratkozzon fel h\u00edrlevel\u00fcnkre!&#8221;][\/post_newsletter]<\/p>\n","protected":false},"featured_media":0,"template":"","class_list":["post-7403","blog","type-blog","status-publish","hentry"],"acf":[],"_links":{"self":[{"href":"https:\/\/www.szta.hu\/en\/wp-json\/wp\/v2\/blog\/7403","targetHints":{"allow":["GET"]}}],"collection":[{"href":"https:\/\/www.szta.hu\/en\/wp-json\/wp\/v2\/blog"}],"about":[{"href":"https:\/\/www.szta.hu\/en\/wp-json\/wp\/v2\/types\/blog"}],"wp:attachment":[{"href":"https:\/\/www.szta.hu\/en\/wp-json\/wp\/v2\/media?parent=7403"}],"curies":[{"name":"wp","href":"https:\/\/api.w.org\/{rel}","templated":true}]}}