{"id":7412,"date":"2017-05-10T00:00:00","date_gmt":"2017-05-10T00:00:00","guid":{"rendered":"http:\/\/www.blog.sztateszt.7digits.net\/a-magyar-ipar-hamarosan-uj-korszakba-lep\/"},"modified":"2017-05-10T00:00:00","modified_gmt":"2017-05-10T00:00:00","slug":"a-magyar-ipar-hamarosan-uj-korszakba-lep","status":"publish","type":"blog","link":"https:\/\/www.szta.hu\/en\/blog\/a-magyar-ipar-hamarosan-uj-korszakba-lep\/","title":{"rendered":"A magyar ipar hamarosan \u00faj korszakba l\u00e9p"},"content":{"rendered":"<p><strong><img fetchpriority=\"high\" decoding=\"async\" class=\"alignleft size-medium wp-image-10911\" src=\"https:\/\/szta.hu\/wp-content\/uploads\/2017\/05\/ipar_ujkorszak_1-300x186.jpg\" alt=\"\" width=\"300\" height=\"186\" \/>A negyedik ipari forradalom, m\u00e1s n\u00e9ven az Ipar 4.0 kor\u00e1ba l\u00e9pt\u00fcnk, ami azt jelenti, hogy a glob\u00e1lis ipari folyamatok hamarosan \u00fajabb drasztikus \u00e1talakul\u00e1son mennek kereszt\u00fcl. A n\u00e9met v\u00e1llalatok fele m\u00e1r foglalkozik Ipar 4.0-s megold\u00e1sokkal, s\u0151t egyharmaduk m\u00e1r \u201eforradalmi\u201d megold\u00e1ssal is <a href=\"https:\/\/www.piacesprofit.hu\/kkv_cegblog\/nemetorszagban-mar-a-kkv-k-is-bealltak-a-negyedik-ipari-forradalomba\/\" target=\"_blank\" rel=\"noopener noreferrer nofollow\">rendelkezik<\/a><\/strong><strong>. Az iparra nagy ar\u00e1nyban t\u00e1maszkod\u00f3 magyar gazdas\u00e1g sokat tud profit\u00e1lni abb\u00f3l, ha az \u00e1llam komoly er\u0151forr\u00e1sokat ford\u00edt a fejleszt\u00e9sek t\u00e1mogat\u00e1s\u00e1ra. De mi\u00e9rt is j\u00f3 az Ipar 4.0 a kkv-knak? \u00c9s mit rem\u00e9lhet\u00fcnk a fejleszt\u00e9sekt\u0151l?<\/strong><\/p>\n<p>M\u00edg az els\u0151 ipari forradalom a g\u0151zg\u00e9pek megjelen\u00e9s\u00e9t jelentette, a m\u00e1sodik a t\u00f6meggy\u00e1rt\u00e1s\u00e9t, a harmadik pedig a mechatronikai g\u00e9pekkel t\u00f6rt\u00e9n\u0151 automatiz\u00e1l\u00e1st, addig az Ipar 4.0 a kiber-fizikai rendszereket, a gy\u00e1rt\u00f3ipar digitaliz\u00e1ci\u00f3j\u00e1t, illetve egy teljesen \u00faj termel\u00e9si filoz\u00f3fi\u00e1t k\u00edn\u00e1l. B\u00e1r m\u00e9g az \u00faj korszak legelej\u00e9n j\u00e1runk, az m\u00e1r most egy\u00e9rtelm\u0171, hogy azok az ipari c\u00e9gek lesznek nagyobb es\u00e9llyel sikeresek, amelyek versenyt\u00e1rsaikat megel\u0151zve tudj\u00e1k be\u00e9p\u00edteni folyamataikba az \u00faj technol\u00f3gi\u00e1kat \u00e9s megteremtik az egyedi t\u00f6meggy\u00e1rt\u00e1st. A digitaliz\u00e1ci\u00f3 el\u0151nyei a kkv-k sz\u00e1m\u00e1ra k\u00e9zzel foghat\u00f3k: t\u00f6bbek k\u00f6z\u00f6tt id\u0151t, p\u00e9nzt \u00e9s energi\u00e1t tudnak sp\u00f3rolni, cs\u00f6kkenteni tudj\u00e1k a felesleges rakt\u00e1rk\u00e9szletet, illetve hat\u00e9konyabban k\u00e9pesek gazd\u00e1lkodni a munkaer\u0151vel. Mindennek k\u00f6sz\u00f6nhet\u0151en pedig ak\u00e1r olcs\u00f3bb, gyorsabb \u00e9s pontosabb megold\u00e1sokat tudnak k\u00edn\u00e1lni partnereiknek egyre rugalmasabban, ami m\u00e9g vonz\u00f3bb\u00e1 teszi \u0151ket a besz\u00e1ll\u00edt\u00f3i piacon.<\/p>\n<p>Mivel a kisebb c\u00e9gekn\u00e9l egyel\u0151re sz\u0171k\u00f6sek az er\u0151forr\u00e1sok, a nagyv\u00e1llalatok pedig gyakran lassan reag\u00e1lnak a technol\u00f3giai trendekre, a k\u00f6z\u00e9pv\u00e1llalkoz\u00e1sok el\u0151nnyel b\u00edrnak e ter\u00fcleten. Tapasztalataink szerint a kutat\u00e1s-fejleszt\u00e9ssel foglalkoz\u00f3 kisv\u00e1llalkoz\u00e1sokban is megvan a potenci\u00e1l, hogy \u00fatt\u00f6r\u0151k legyenek a negyedik ipari forradalomban. Ehhez pedig a kulcs a folyamatos b\u0151v\u00fcl\u00e9s \u00e9s az er\u0151s t\u0151kehelyzet. Ez\u00e9rt sem meglep\u0151, hogy a t\u0151keer\u0151s n\u00e9met (mellette a sv\u00e9d, finn, d\u00e1n \u00e9s belga) piac ennyire el\u00f6l j\u00e1r ezen a t\u00e9ren. Az IFUA Horv\u00e1th &amp; Partners nemzetk\u00f6zi vezet\u00e9si tan\u00e1csad\u00f3 c\u00e9g <a href=\"https:\/\/www.piacesprofit.hu\/kkv_cegblog\/nemetorszagban-mar-a-kkv-k-is-bealltak-a-negyedik-ipari-forradalomba\/\" target=\"_blank\" rel=\"noopener noreferrer nofollow\">felm\u00e9r\u00e9se<\/a> azt mutatja, hogy a n\u00e9met v\u00e1llalkoz\u00e1sok jelent\u0151s r\u00e9sze m\u00e1r felismerte az ipari folyamatok digitaliz\u00e1l\u00e1s\u00e1nak sz\u00fcks\u00e9gess\u00e9g\u00e9t \u00e9s el\u0151nyeit. Fel\u00fck legal\u00e1bb k\u00eds\u00e9rleti vagy bevezet\u00e9si f\u00e1zisban tart, harmaduk pedig m\u00e1r eredm\u00e9nyeket is tud felmutatni. A felm\u00e9r\u00e9sben megk\u00e9rdezett ipari v\u00e1llalkoz\u00e1sok szerint kiv\u00e1ltk\u00e9pp az \u201eokos m\u0171k\u00f6d\u00e9sre\u201d (Smart Operations) val\u00f3 \u00e1t\u00e1ll\u00e1st\u00f3l rem\u00e9lhetnek a kkv-k komoly el\u0151rel\u00e9p\u00e9seket. Ide \u00e9rthet\u0151 p\u00e9ld\u00e1ul az adatvez\u00e9relt szolg\u00e1ltat\u00e1sok kialak\u00edt\u00e1sa. A fejleszt\u00e9sek k\u00f6z\u00e9ppontj\u00e1ban egyel\u0151re az \u201eokos term\u00e9kek\u201d (Smart Products) \u00e1llnak, a n\u00e9met c\u00e9gek k\u00f6zel h\u00e1romnegyede m\u00e1r tett valamilyen l\u00e9p\u00e9st e ter\u00fcleten. Az olyan \u201eokos term\u00e9kek\u201d seg\u00edts\u00e9g\u00e9vel, mint a szenzorok vagy a mikrovez\u00e9rl\u0151k m\u00e9g a rendk\u00edv\u00fcl komplex folyamatok \u00e9s magas darabsz\u00e1m eset\u00e9n is alacsonyan tarthat\u00f3 a hibaar\u00e1ny.<\/p>\n<p><strong>\u00c9s mi a helyzet a magyar iparral?<\/strong><\/p>\n<p>Mivel a magyar ipar GDP-n bel\u00fcli s\u00falya Eur\u00f3p\u00e1hoz k\u00e9pest viszonylag magas (N\u00e9metorsz\u00e1g szintj\u00e9n \u00e1llunk), b\u0151ven van potenci\u00e1l a digitaliz\u00e1ci\u00f3ban. Az Ipar 4.0-ra val\u00f3 felk\u00e9sz\u00fcl\u00e9sben azonban m\u00e9g le vagyunk maradva, a r\u00e9gi\u00f3ban Csehorsz\u00e1g \u00e9s Szlov\u00e1kia is el\u0151zi Magyarorsz\u00e1got, de Lengyelorsz\u00e1g \u00e9s Horv\u00e1torsz\u00e1g el\u0151tt \u00e1llunk \u2013 der\u00fcl ki a Roland Berger Ipar 4.0 <a href=\"https:\/\/w3.siemens.com\/topics\/global\/de\/partner-programm\/branchenveranstaltungen\/Documents\/end-customer-forum-fub\/1_Roland%20Berger_KS_%20Industrie%204%200%20in%20FaB.pdf\" target=\"_blank\" rel=\"noopener noreferrer nofollow\">felk\u00e9sz\u00fclts\u00e9gi index\u00e9b\u0151l<\/a>.<\/p>\n<p style=\"text-align: center;\"><em><img decoding=\"async\" class=\"aligncenter wp-image-10931 size-full\" src=\"https:\/\/szta.hu\/wp-content\/uploads\/2017\/05\/ipar_ujkorszak.png\" alt=\"\" width=\"620\" height=\"570\" \/>Forr\u00e1s: Portfolio.hu, Roland Berger<\/em><\/p>\n<p>A digitaliz\u00e1ci\u00f3 valamennyi \u00e1gazatot \u00e9rinti, az el\u0151ny\u00f6k pedig ott \u00e9reztetik legink\u00e1bb hat\u00e1sukat, ahol komplex ipari folyamatok \u00e9s nagyfok\u00fa t\u00f6megtermel\u00e9s zajlik. Magyarorsz\u00e1gon t\u00f6bbek k\u00f6z\u00f6tt v\u00e1rhat\u00f3an a <a href=\"https:\/\/szta.hu\/a-hazai-ipari-termeles-noveleseben-kiemelt-szerepe-lesz-az-autoipari-beszallitok-tamogatasanak\/\" target=\"_blank\" rel=\"noopener noreferrer nofollow\">j\u00e1rm\u0171ipar<\/a>, a g\u00e9pgy\u00e1rt\u00e1s vagy \u00e9ppen az eg\u00e9szs\u00e9gipar ter\u00fclet\u00e9n v\u00e1rhat\u00f3 fejl\u0151d\u00e9s, ezekben a szektorokban az ut\u00f3bbi id\u0151ben t\u00f6bb el\u0151rel\u00e9p\u00e9s is volt a hazai kutat\u00e1s-fejleszt\u00e9sben.<\/p>\n<p>[post_newsletter title=&#8221;Iratkozzon fel h\u00edrlevel\u00fcnkre!&#8221;][\/post_newsletter]<\/p>\n<p>Ahogy a Nemzeti Befektet\u00e9si \u00dcgyn\u00f6ks\u00e9g (HIPA) negyedik ipari forradalmat k\u00f6z\u00e9ppontba \u00e1ll\u00edt\u00f3 idei j\u00e1rm\u0171ipari <a href=\"https:\/\/infopolis.hu\/ipar-4-0-a-magyar-jarmugyartasban\/\" target=\"_blank\" rel=\"noopener noreferrer nofollow\">konferenci\u00e1j\u00e1n<\/a> is elhangzott, \u201eMagyarorsz\u00e1g az ut\u00f3bbi \u00e9vekben m\u00e1r nem puszt\u00e1n \u00f6sszeszerel\u0151 \u00fczemk\u00e9nt m\u0171k\u00f6d\u00f6tt a j\u00e1rm\u0171gy\u00e1rt\u00e1s eset\u00e9ben, egyre nagyobb szerepet kap a kutat\u00e1s-fejleszt\u00e9s \u00e9s innov\u00e1ci\u00f3\u201d. Mivel az Ipar 4.0 ter\u00e9n \u00e9len j\u00e1r\u00f3 N\u00e9metorsz\u00e1g komoly, folyamatosan b\u0151v\u00fcl\u0151 magyar besz\u00e1ll\u00edt\u00f3i h\u00e1l\u00f3zattal rendelkezik, a hazai v\u00e1llalkoz\u00e1soknak egyre t\u00f6bb ilyen ir\u00e1ny\u00fa k\u00f6vetelm\u00e9nynek kell megfelelnie. Azok a kkv-k v\u00e1lhatnak partnerekk\u00e9 vagy maradhatnak azok, akik fel tudj\u00e1k venni az iramot a <a href=\"https:\/\/szta.hu\/a-globalis-autoipar-a-tortenelem-legradikalisabb-valtozasa-elott-all-mit-lephetnek-a-beszallitok\/\" target=\"_blank\" rel=\"noopener noreferrer nofollow\">radik\u00e1lisan v\u00e1ltoz\u00f3<\/a> szektor innov\u00e1toraival. Arr\u00f3l, hogy az eg\u00e9szs\u00e9g\u00fcgy digitaliz\u00e1ci\u00f3ja hogyan teszi lehet\u0151v\u00e9 ak\u00e1r \u00e9vi t\u00f6bb sz\u00e1zmilli\u00e1rd forint \u00f6sszeg\u0171 forr\u00e1s felszabad\u00edt\u00e1s\u00e1t az eg\u00e9szs\u00e9g\u00fcgyi rendszer sz\u00e1m\u00e1ra, <a href=\"https:\/\/szta.hu\/hatalmas-potencial-rejlik-a-magyar-egeszsegugy-digitalizalasaban\/\" target=\"_blank\" rel=\"noopener noreferrer nofollow\">itt<\/a> \u00edrtunk b\u0151vebben.<\/p>\n<p>E fejleszt\u00e9sek folyamatos t\u00e1mogat\u00e1sa az orsz\u00e1g egyik legfontosabb strat\u00e9giai c\u00e9lja, hiszen nemcsak magas hozz\u00e1adott \u00e9rt\u00e9k\u0171 munkahelyek j\u00f6hetnek l\u00e9tre, de a kkv szektor sz\u00e1m\u00e1ra is tov\u00e1bbi lehet\u0151s\u00e9gek ny\u00edlhatnak a nagyv\u00e1llalati \u00e9rt\u00e9kteremt\u0151 folyamatokba t\u00f6rt\u00e9n\u0151 integr\u00e1l\u00f3d\u00e1sba. <strong>A Sz\u00e9chenyi T\u0151kealap-kezel\u0151 szerep\u00e9r\u0151l az Ipar 4.0 t\u00e1mogat\u00e1s\u00e1ban, illetve a tov\u00e1bbi \u00e1llami fejleszt\u00e9si programokr\u00f3l <a href=\"https:\/\/szta.hu\/igy-robbanthatjak-ki-a-magyar-cegek-a-negyedik-ipari-forradalmat\/\" target=\"_blank\" rel=\"noopener noreferrer nofollow\">ebben a bejegyz\u00e9sben\u00a0\u00edrtunk r\u00e9szletesebben<\/a>.<\/strong> <em>Forr\u00e1sok: IFUA Horv\u00e1th &amp; Partners, Roland Berger, HIPA, Portfolio.hu<\/em><\/p>\n","protected":false},"featured_media":0,"template":"","class_list":["post-7412","blog","type-blog","status-publish","hentry"],"acf":[],"_links":{"self":[{"href":"https:\/\/www.szta.hu\/en\/wp-json\/wp\/v2\/blog\/7412","targetHints":{"allow":["GET"]}}],"collection":[{"href":"https:\/\/www.szta.hu\/en\/wp-json\/wp\/v2\/blog"}],"about":[{"href":"https:\/\/www.szta.hu\/en\/wp-json\/wp\/v2\/types\/blog"}],"wp:attachment":[{"href":"https:\/\/www.szta.hu\/en\/wp-json\/wp\/v2\/media?parent=7412"}],"curies":[{"name":"wp","href":"https:\/\/api.w.org\/{rel}","templated":true}]}}