{"id":7418,"date":"2017-05-25T00:00:00","date_gmt":"2017-05-25T00:00:00","guid":{"rendered":"http:\/\/www.blog.sztateszt.7digits.net\/az-iparnak-koszonhetoen-megugrott-a-magyar-gazdasag\/"},"modified":"2017-05-25T00:00:00","modified_gmt":"2017-05-25T00:00:00","slug":"az-iparnak-koszonhetoen-megugrott-a-magyar-gazdasag","status":"publish","type":"blog","link":"https:\/\/www.szta.hu\/en\/blog\/az-iparnak-koszonhetoen-megugrott-a-magyar-gazdasag\/","title":{"rendered":"Az iparnak k\u00f6sz\u00f6nhet\u0151en megugrott a magyar gazdas\u00e1g"},"content":{"rendered":"<p><strong><img fetchpriority=\"high\" decoding=\"async\" class=\"alignleft size-medium wp-image-11131\" src=\"https:\/\/szta.hu\/wp-content\/uploads\/2017\/05\/megugro_gazdasag-300x200.jpg\" alt=\"\" width=\"300\" height=\"200\" \/>A v\u00e1rakoz\u00e1sokat fel\u00fclm\u00falva, 4,1 sz\u00e1zal\u00e9kkal n\u0151tt a magyar brutt\u00f3 hazai term\u00e9k (GDP) az els\u0151 negyed\u00e9vben az el\u0151z\u0151 \u00e9v azonos id\u0151szak\u00e1hoz viszony\u00edtva. A n\u00f6veked\u00e9sben nagy szerepe volt az ipar 7,8 sz\u00e1zal\u00e9kos n\u00f6veked\u00e9s\u00e9nek, ami az exportra is pozit\u00edv hat\u00e1st gyakorolt. V\u00e1rakoz\u00e1sok szerint a n\u00f6veked\u00e9s eg\u00e9sz \u00e9vben kitarthat, ami a kkv-szektornak is j\u00f3 h\u00edrt jelent.<\/strong>  Ilyen m\u00e9rt\u00e9k\u0171 gazdas\u00e1gi n\u00f6veked\u00e9sre legut\u00f3bb 2014 m\u00e1sodik negyed\u00e9v\u00e9ben volt p\u00e9lda (4,5%), de az els\u0151 negyed\u00e9vet n\u00e9zve 2006 \u00f3ta nem m\u00e9rtek enn\u00e9l magasabb emelked\u00e9st.  Az els\u0151 negyed\u00e9ves n\u00f6veked\u00e9sb\u0151l az ipar 1,5 sz\u00e1zal\u00e9kkal vette ki a r\u00e9sz\u00e9t, emellett az \u00e9p\u00edt\u0151ipar \u00e9s a szolg\u00e1ltat\u00f3 szektor teljes\u00edtm\u00e9ny\u00e9nek eredm\u00e9nye is sz\u00e1mottev\u0151 volt. A pozit\u00edv eredm\u00e9nyek v\u00e9lhet\u0151en t\u00f6bbek k\u00f6z\u00f6tt a j\u00e1rm\u0171gy\u00e1rt\u00e1snak, aut\u00f3ipari \u00e9s egy\u00e9b feldolgoz\u00f3ipari beruh\u00e1z\u00e1soknak, az EU-s forr\u00e1s\u00fa t\u00e1mogat\u00e1soknak, a sz\u00e1m\u00edt\u00f3g\u00e9pek, elektronikai, optikai term\u00e9kek gy\u00e1rt\u00e1s\u00e1nak \u00e9s a gy\u00f3gyszergy\u00e1rt\u00e1snak is k\u00f6sz\u00f6nhet\u0151ek. E szektorok b\u0151v\u00fcl\u00e9s\u00e9nek pozit\u00edv hat\u00e1sa v\u00e1rhat\u00f3an eg\u00e9sz \u00e9vben kitart, illetve a k\u00f6vetkez\u0151 \u00e9vekben is \u00e9rezhet\u0151 lesz.  Mivel az ipar Magyarorsz\u00e1g GDP-j\u00e9nek viszonylag nagy ar\u00e1ny\u00e1t teszi ki, az ipari fejleszt\u00e9sek \u00e9s beruh\u00e1z\u00e1sok \u00f6szt\u00f6nz\u00e9se \u00e9s t\u00e1mogat\u00e1sa jelent\u0151s pozit\u00edv hat\u00e1st fejthet ki a nemzetgazdas\u00e1gi folyamatokra. M\u00edg az ipar s\u00falya eur\u00f3pai uni\u00f3s szinten 19 sz\u00e1zal\u00e9k k\u00f6r\u00fcl mozog, addig Magyarorsz\u00e1gon <a href=\"https:\/\/ec.europa.eu\/eurostat\/statistics-explained\/index.php\/File:Gross_value_added_at_basic_prices,_2005_and_2015_(%25_share_of_total_gross_value_added)_YB16.png\" target=\"_blank\" rel=\"noopener noreferrer nofollow\">el\u00e9ri<\/a> a 27 sz\u00e1zal\u00e9kot is, ami a r\u00e9gi\u00f3ban \u00e9s eur\u00f3pai szinten is kiemelked\u0151nek tekinthet\u0151.  A korm\u00e1ny amellett, hogy ezt az ar\u00e1nyt m\u00e9g tov\u00e1bb k\u00edv\u00e1nja n\u00f6velni, nem csup\u00e1n a mennyis\u00e9gi b\u0151v\u00fcl\u00e9st \u00f6szt\u00f6nz\u0151 programokra, hanem a min\u0151s\u00e9gi fejleszt\u00e9sek t\u00e1mogat\u00e1s\u00e1ra is nagy hangs\u00falyt fektet. Magyarorsz\u00e1g iparfejleszt\u00e9si strat\u00e9gi\u00e1j\u00e1ban, az Irinyi Tervben (<a href=\"https:\/\/www.kormany.hu\/download\/d\/c1\/b0000\/Irinyi-terv.pdf\" target=\"_blank\" rel=\"noopener noreferrer nofollow\">itt<\/a> t\u00f6lthet\u0151 le) megfogalmazta azokat a c\u00e9lokat \u00e9s eszk\u00f6z\u00f6ket, amelyek a hossz\u00fa t\u00e1von meghat\u00e1rozhatj\u00e1k a magyar ipar versenyk\u00e9pess\u00e9g\u00e9t.  A Terv a kiemelten fejlesztend\u0151 \u00e1gazatok k\u00f6z\u00e9 t\u00f6bbek k\u00f6z\u00f6tt a j\u00e1rm\u0171gy\u00e1rt\u00e1st, a g\u00e9pipart, az \u00e9lelmiszeripart, az eg\u00e9szs\u00e9ggazdas\u00e1got, a z\u00f6ld gazdas\u00e1got vagy az IKT szektort sorolja. Ezek azok a szektorok, amelyekben Magyarorsz\u00e1g az ut\u00f3bbi \u00e9vtizedekben kiv\u00e1l\u00f3an teljes\u00edtett, ahol sz\u00e1mos beruh\u00e1z\u00e1s v\u00e1rhat\u00f3, illetve amelyek fejleszt\u00e9s\u00e9ben nagy \u00e9rt\u00e9kteremt\u0151 potenci\u00e1l rejlik. [post_newsletter title=&#8221;Iratkozzon fel h\u00edrlevel\u00fcnkre!&#8221;][\/post_newsletter] Az <a href=\"https:\/\/szta.hu\/blog\/magyar-ipar-hamarosan-uj-korszakba-lep\/\" target=\"_blank\" rel=\"noopener noreferrer nofollow\">iparfejleszt\u00e9si<\/a> \u00e9s Ipar 4.0-s c\u00e9lkit\u0171z\u00e9sek el\u00e9r\u00e9se \u00e9rdek\u00e9ben sz\u00e1mos program indult el, a legfontosabbakat <a href=\"https:\/\/szta.hu\/blog\/igy-robbanthatjak-ki-magyar-cegek-negyedik-ipari-forradalmat\/\" target=\"_blank\" rel=\"noopener noreferrer nofollow\">itt<\/a> gy\u0171jt\u00f6tt\u00fck \u00f6ssze. E programok mindegyike a kkv-k termel\u00e9si volumen\u00e9nek \u00e9s hat\u00e9konys\u00e1g\u00e1nak fejleszt\u00e9s\u00e9t, versenyk\u00e9pess\u00e9g\u00e9nek er\u0151s\u00edt\u00e9s\u00e9t tartja szem el\u0151tt t\u00f6bbek k\u00f6z\u00f6tt vissza nem t\u00e9r\u00edtend\u0151 \u00e9s visszat\u00e9r\u00edtend\u0151 forr\u00e1sok, valamint szakmai t\u00e1mogat\u00e1sok r\u00e9v\u00e9n.  Kifejezetten az Irinyi Tervben megfogalmazott c\u00e9lok ment\u00e9n, t\u0151kefinansz\u00edroz\u00e1si oldalr\u00f3l j\u00f6tt l\u00e9tre az Irinyi Kock\u00e1zati T\u0151kealap, amely hamarosan <a href=\"https:\/\/szta.hu\/blog\/szechenyi-tokealap-kezelo-tobb-tizmilliard-forint-tokevel-varja-novekedni-kivano-kkv-kat\/\" target=\"_blank\" rel=\"noopener noreferrer nofollow\">megkezdi<\/a> befektet\u00e9si id\u0151szak\u00e1t. Els\u0151 k\u00f6rben a k\u00f6z\u00e9p-magyarorsz\u00e1gi ipari v\u00e1llalkoz\u00e1sok ig\u00e9nyelhetnek t\u0151k\u00e9t a 8 milli\u00e1rd forintos keretb\u0151l, de GINOP-forr\u00e1sokb\u00f3l v\u00e1rhat\u00f3an m\u00e9g id\u00e9n elindul a t\u00f6bbi r\u00e9gi\u00f3 kkv-szektor\u00e1t t\u00e1mogat\u00f3 t\u0151kealap is.  Az Irinyi t\u0151keprogram c\u00e9lja, hogy a mikro-, kis- \u00e9s k\u00f6z\u00e9pv\u00e1llalkoz\u00e1sok min\u00e9l nagyobb ar\u00e1nyban j\u00e1rulhassanak hozz\u00e1 az ipar fejl\u0151d\u00e9s\u00e9hez, k\u00f6zvetve pedig a magyar gazdas\u00e1g b\u0151v\u00fcl\u00e9s\u00e9hez. Els\u0151sorban azon ipari c\u00e9gek b\u0151v\u00fcl\u00e9s\u00e9t k\u00edv\u00e1nja finansz\u00edrozni, amelyek tev\u00e9kenys\u00e9g\u00fck r\u00e9v\u00e9n hossz\u00fa t\u00e1von is k\u00e9pesek n\u00f6vekedni, de k\u00fcls\u0151 forr\u00e1s bevon\u00e1sa n\u00e9lk\u00fcl nem tudn\u00e1nak szintet l\u00e9pni. A leg\u00edg\u00e9retesebb v\u00e1llalkoz\u00e1sok fejleszt\u00e9se pedig az eszk\u00f6z- \u00e9s anyagig\u00e9nyek n\u00f6veked\u00e9s\u00e9n, megrendel\u00e9sek megt\u00f6bbsz\u00f6r\u00f6z\u0151d\u00e9s\u00e9n, kezdem\u00e9nyezett szakmai egy\u00fcttm\u0171k\u00f6d\u00e9seken kereszt\u00fcl k\u00f6zvetetten a besz\u00e1ll\u00edt\u00f3i k\u00f6r\u00fckre, partnerh\u00e1l\u00f3zatukra is kihat\u00e1ssal lehet. A kkv-k tev\u00e9kenys\u00e9ge jelenleg kb. 55 sz\u00e1zal\u00e9kkal j\u00e1rul hozz\u00e1 az \u00e9ves GDP-hez, az ehhez hasonl\u00f3 kezdem\u00e9nyez\u00e9seknek (pl. SZTA, K\u00e1rp\u00e1t-medencei V\u00e1llalkoz\u00e1sfejleszt\u00e9si Alap, egy\u00e9b t\u0151keprogramok) k\u00f6sz\u00f6nhet\u0151en azonban ez a sz\u00e1m \u00e9vr\u0151l \u00e9vre folyamatosan n\u00f6velhet\u0151.  <em>Forr\u00e1sok: KSH, Eur\u00f3pai Bizotts\u00e1g<\/em><\/p>\n","protected":false},"featured_media":7419,"template":"","class_list":["post-7418","blog","type-blog","status-publish","has-post-thumbnail","hentry"],"acf":[],"_links":{"self":[{"href":"https:\/\/www.szta.hu\/en\/wp-json\/wp\/v2\/blog\/7418","targetHints":{"allow":["GET"]}}],"collection":[{"href":"https:\/\/www.szta.hu\/en\/wp-json\/wp\/v2\/blog"}],"about":[{"href":"https:\/\/www.szta.hu\/en\/wp-json\/wp\/v2\/types\/blog"}],"wp:featuredmedia":[{"embeddable":true,"href":"https:\/\/www.szta.hu\/en\/wp-json\/"}],"wp:attachment":[{"href":"https:\/\/www.szta.hu\/en\/wp-json\/wp\/v2\/media?parent=7418"}],"curies":[{"name":"wp","href":"https:\/\/api.w.org\/{rel}","templated":true}]}}