{"id":7420,"date":"2017-05-29T00:00:00","date_gmt":"2017-05-29T00:00:00","guid":{"rendered":"http:\/\/www.blog.sztateszt.7digits.net\/itt-kaphat-valaszt-az-emberiseg-jovojenek-legfontosabb-kerdeseire\/"},"modified":"2017-05-29T00:00:00","modified_gmt":"2017-05-29T00:00:00","slug":"itt-kaphat-valaszt-az-emberiseg-jovojenek-legfontosabb-kerdeseire","status":"publish","type":"blog","link":"https:\/\/www.szta.hu\/en\/blog\/itt-kaphat-valaszt-az-emberiseg-jovojenek-legfontosabb-kerdeseire\/","title":{"rendered":"Itt kaphat v\u00e1laszt az emberis\u00e9g j\u00f6v\u0151j\u00e9nek legfontosabb k\u00e9rd\u00e9seire"},"content":{"rendered":"<p><strong><img decoding=\"async\" class=\"alignleft size-medium wp-image-11161\" src=\"https:\/\/szta.hu\/wp-content\/uploads\/2017\/05\/BrainBarBudapest_image2-300x156.jpg\" alt=\"\" width=\"300\" height=\"156\" \/>A kor\u00e1bbi \u00e9vek hatalmas siker\u00e9re val\u00f3 <a href=\"https:\/\/szta.hu\/blog\/iden-ismet-varja-a-bator-gondolkodokat-europa-jovofesztivalja-a-brain-bar-budapest\/\" target=\"_blank\" rel=\"noopener noreferrer nofollow\">tekintettel<\/a><\/strong><strong>\u00a0id\u00e9n is megrendezik Eur\u00f3pa legnagyobb j\u00f6v\u0151fesztiv\u00e1lj\u00e1t, a Brain Bar Budapestet. Id\u00e9n j\u00fanius 1. \u00e9s 3. k\u00f6z\u00f6tt, az Erzs\u00e9bet t\u00e9ren tal\u00e1lhat\u00f3 Akv\u00e1rium klubban v\u00e1rj\u00e1k azokat az \u00e9rdekl\u0151d\u0151ket, akik a megh\u00edvott vil\u00e1gh\u00edr\u0171 el\u0151ad\u00f3kkal egy\u00fctt k\u00edv\u00e1nnak gondolkodni a j\u00f6v\u0151nket alak\u00edt\u00f3, technol\u00f3gia \u00e1ltal vez\u00e9relt v\u00e1ltoz\u00e1sokr\u00f3l. A programok olyan szerte\u00e1gaz\u00f3 t\u00e9m\u00e1k k\u00f6r\u00e9 szervez\u0151dnek, mint az adatok vil\u00e1ga, a geopolitika, a fenntarthat\u00f3s\u00e1g, az eg\u00e9szs\u00e9g\u00fcgy vagy az intelligencia. <\/strong>  A harmadik Brain Bar Budapestre id\u00e9n t\u00f6bb mint h\u00e9tezer \u00e9rdekl\u0151d\u0151t v\u00e1rnak a vil\u00e1g minden pontj\u00e1r\u00f3l. Nem meglep\u0151 a nagy \u00e9rdekl\u0151d\u00e9s, hiszen t\u00f6bb mint hetven elismert nemzetk\u00f6zi el\u0151ad\u00f3t h\u00edvtak meg a szervez\u0151k, k\u00f6zt\u00fck glob\u00e1lis jelent\u0151s\u00e9g\u0171 v\u00e1llalkoz\u00e1sok vezet\u0151it is. A teljess\u00e9g ig\u00e9nye n\u00e9lk\u00fcl az al\u00e1bbiakban \u00f6sszegy\u0171jt\u00f6tt\u00fcnk t\u00f6bb olyan el\u0151ad\u00e1st is, amely egyar\u00e1nt \u00e9rdekes lehet a v\u00e1llalkoz\u00e1sok, valamint a j\u00f6v\u0151tudom\u00e1ny ir\u00e1nt \u00e9rdekl\u0151d\u0151 laikusok sz\u00e1m\u00e1ra is.  <strong>Greg Corrado<\/strong> \u2013 Mit tartogat a j\u00f6v\u0151 az emberi elme sz\u00e1m\u00e1ra? Erre a k\u00e9rd\u00e9sre keresi a v\u00e1laszt el\u0151ad\u00e1sa sor\u00e1n Greg Corrado, a Google mesters\u00e9ges intelligencia kutat\u00e1sainak igazgat\u00f3ja, vezet\u0151 kutat\u00f3ja, valamint a Google Brain Team t\u00e1rsalap\u00edt\u00f3ja.  <strong>Toomas Hendrik Ilves \u2013 <\/strong>\u00c9sztorsz\u00e1g volt k\u00f6zt\u00e1rsas\u00e1gi eln\u00f6ke (2006-2016) az e-korm\u00e1nyzat \u00e9s a kiberbiztons\u00e1g gyorsan fejl\u0151d\u0151 \u00e9s kulcsfontoss\u00e1g\u00fa ter\u00fcleteinek vezet\u0151 gondolkod\u00f3ja. Nagyon fontos szerepet t\u00f6lt\u00f6tt be abban, hogy \u00c9sztorsz\u00e1g a digitaliz\u00e1ci\u00f3 ter\u00e9n a legfejlettebb orsz\u00e1gok k\u00f6z\u00e9 tartozzon. A Brain Bar Budapesten tartand\u00f3 el\u0151ad\u00e1s\u00e1nak f\u0151 k\u00e9rd\u00e9se, hogy mik\u00e9nt \u00e9p\u00edts\u00fcnk \u00e1llamot a j\u00f6v\u0151 sz\u00e1m\u00e1ra.  <strong>George Friedman \u2013 <\/strong>A vil\u00e1g legismertebb geopolitikai el\u0151rejelz\u0151je, aki t\u00f6bbek k\u00f6z\u00f6tt olyan olyan esem\u00e9nyeket j\u00f3solt meg helyesen, mint az EU-v\u00e1ls\u00e1g vagy az amerikai-ir\u00e1ni fegyversz\u00fcnet. El\u0151ad\u00e1s\u00e1ban arra a k\u00e9rd\u00e9sre k\u00edv\u00e1n v\u00e1laszt adni, hogy val\u00f3ban egy \u00fajabb vil\u00e1gh\u00e1bor\u00fanak n\u00e9z\u00fcnk-e el\u00e9be.  <strong>\u00c1rvai P\u00e9ter \u2013 <\/strong>Az egyik legismertebb magyar startup, a Prezi alap\u00edt\u00f3ja. Vezet\u00e9se alatt t\u00f6bb k\u00f6rben is siker\u00fclt a c\u00e9gnek t\u0151k\u00e9t bevonnia, t\u00f6bbek k\u00f6z\u00f6tt a TED-t\u0151l, illetve a Szil\u00edcium-v\u00f6lgy tal\u00e1n legismertebb t\u0151kebefektet\u0151it\u0151l, az Accel Partnerst\u0151l \u00e9s a Sunstone Capitalt\u00f3l. El\u0151ad\u00e1s\u00e1nak t\u00e9m\u00e1ja, hogy mik\u00e9nt alak\u00edthatja \u00e1t a munkahelyeket a mesters\u00e9ges intelligencia.  <strong>Rocio Fonseca \u2013 <\/strong>Rocio Fonseca a vil\u00e1g egyik legismertebb startupok sz\u00e1m\u00e1ra l\u00e9trehozott korm\u00e1nyzati programja, a Start-Up Chile alap\u00edt\u00f3ja. A Brain Bar Budapesten saj\u00e1t tapasztalatai alapj\u00e1n v\u00e1laszolja meg azt a k\u00e9rd\u00e9st, hogy mit akarhatnak a \u201etech tehets\u00e9gek\u201d a korm\u00e1nyt\u00f3l.  <strong>Baybars Altuntas,<\/strong><strong>\u00a0<\/strong>a\u00a0londoni t\u0151zsde senior tan\u00e1csad\u00f3ja, v\u00e1llalkoz\u00f3, angyalbefektet\u0151, valamint <strong>Patrick Vlaskovits<\/strong>, a New York Times bestseller \u00edr\u00f3ja \u00e9s sikeres v\u00e1llalkoz\u00f3 k\u00f6z\u00f6s el\u0151ad\u00e1sa rendk\u00edv\u00fcl hasznos lehet a t\u0151k\u00e9t bevonni k\u00edv\u00e1n\u00f3 v\u00e1llalkoz\u00e1sok sz\u00e1m\u00e1ra, ugyanis abban k\u00edv\u00e1n seg\u00edts\u00e9get ny\u00fajtani az \u00e9rdekl\u0151d\u0151knek, hogy mik\u00e9nt gy\u0151zz\u00e9k meg az els\u0151 k\u00f6r\u00f6s befektet\u0151ket.  <strong>Alexa Clay \u2013 <\/strong>A The Misfit Economy c\u00edm\u0171 k\u00f6nyv szerz\u0151je t\u00f6bb mint 400 b\u0171n\u00f6z\u0151vel, k\u00f6zt\u00fck szom\u00e1liai kal\u00f3zokkal \u00e9s Los Angeles-i drogd\u00edlerekkel k\u00e9sz\u00edtett interj\u00fat annak \u00e9rdek\u00e9ben, hogy bemutassa, t\u00f6bb k\u00f6z\u00f6s van benn\u00fck \u00e9s a szil\u00edcium-v\u00f6lgyi v\u00e1llalkoz\u00f3kban, mint gondoln\u00e1nk. A Brain Bar Budapesten arr\u00f3l mes\u00e9l, mit tanulhatnak a startupok a kal\u00f3zokt\u00f3l, csemp\u00e9szekt\u0151l \u00e9s hackerekt\u0151l.  <strong>V\u00e1radi J\u00f3zsef \u2013 <\/strong>Egy \u00fajabb magyar sikert\u00f6rt\u00e9netet ismerhet\u00fcnk meg V\u00e1radi J\u00f3zsef, a Wizzair alap\u00edt\u00f3j\u00e1nak \u00e9s vez\u00e9rigazgat\u00f3j\u00e1nak el\u0151ad\u00e1s\u00e1ban. A 2016-ban t\u00f6bb mint 23 milli\u00f3 utast sz\u00e1ll\u00edt\u00f3 Wizzair alap\u00edt\u00f3ja arra k\u00e9rd\u00e9sre keresi a v\u00e1laszt el\u0151ad\u00e1s\u00e1ban, hogy mik\u00e9nt fog kin\u00e9zni az utaz\u00e1s j\u00f6v\u0151je.  <strong>Cs\u00e9falvay Zolt\u00e1n \u2013 <\/strong>Cs\u00e9falvay Zolt\u00e1n 2010 \u00e9s 2014 k\u00f6z\u00f6tt a Nemzetgazdas\u00e1gi Miniszt\u00e9rium strat\u00e9giai \u00e1llamtitk\u00e1ra volt, dolgozott kutat\u00f3k\u00e9nt M\u00fcnchenben, Heidelbergben, valamint Cardiffban. El\u0151ad\u00e1s\u00e1ban arra a k\u00e9rd\u00e9sre keresi a v\u00e1laszt, hogy vajon fel vagyunk-e <a href=\"https:\/\/szta.hu\/blog\/magyar-ipar-hamarosan-uj-korszakba-lep\/\" target=\"_blank\" rel=\"noopener noreferrer nofollow\">k\u00e9sz\u00fclve<\/a> az iparban bek\u00f6vetkez\u0151 forradalmi v\u00e1ltoz\u00e1sokra.  Term\u00e9szetesen \u00e9rdemes a teljes list\u00e1t is <a href=\"https:\/\/brainbar.com\/#speakers\" target=\"_blank\" rel=\"noopener noreferrer nofollow\">b\u00f6ng\u00e9szni<\/a>, izgalmasabbn\u00e1l izgalmasabb t\u00e9m\u00e1kkal k\u00e9sz\u00fcltek a szervez\u0151k. A Brain Bar Budapest teljes programja <a href=\"https:\/\/brainbar.com\/agenda\" target=\"_blank\" rel=\"noopener noreferrer nofollow\">itt<\/a>, a jegyek pedig <a href=\"https:\/\/brainbar.com\/tickets\" target=\"_blank\" rel=\"noopener noreferrer nofollow\">itt<\/a> \u00e9rhet\u0151k el. [post_newsletter title=&#8221;Iratkozzon fel h\u00edrlevel\u00fcnkre!&#8221;][\/post_newsletter]<\/p>\n","protected":false},"featured_media":7421,"template":"","class_list":["post-7420","blog","type-blog","status-publish","has-post-thumbnail","hentry"],"acf":[],"_links":{"self":[{"href":"https:\/\/www.szta.hu\/en\/wp-json\/wp\/v2\/blog\/7420","targetHints":{"allow":["GET"]}}],"collection":[{"href":"https:\/\/www.szta.hu\/en\/wp-json\/wp\/v2\/blog"}],"about":[{"href":"https:\/\/www.szta.hu\/en\/wp-json\/wp\/v2\/types\/blog"}],"wp:featuredmedia":[{"embeddable":true,"href":"https:\/\/www.szta.hu\/en\/wp-json\/"}],"wp:attachment":[{"href":"https:\/\/www.szta.hu\/en\/wp-json\/wp\/v2\/media?parent=7420"}],"curies":[{"name":"wp","href":"https:\/\/api.w.org\/{rel}","templated":true}]}}