{"id":8171,"date":"2018-05-22T10:15:47","date_gmt":"2018-05-22T10:15:47","guid":{"rendered":"http:\/\/www.blog.sztateszt.7digits.net\/?post_type=blog&amp;p=8171"},"modified":"2018-05-22T10:15:47","modified_gmt":"2018-05-22T10:15:47","slug":"elapadnak-vissza-nem-teritendo-forrasok","status":"publish","type":"blog","link":"https:\/\/www.szta.hu\/en\/blog\/elapadnak-vissza-nem-teritendo-forrasok\/","title":{"rendered":"Elapadnak a vissza nem t\u00e9r\u00edtend\u0151 forr\u00e1sok?"},"content":{"rendered":"<p><img fetchpriority=\"high\" decoding=\"async\" class=\"alignleft size-medium wp-image-8201\" src=\"https:\/\/szta.hu\/wp-content\/uploads\/2018\/05\/elapadnak_2-300x199.jpg\" alt=\"\" width=\"300\" height=\"199\" \/><strong>Jelenlegi \u00e1ll\u00e1s szerint az Eur\u00f3pai Uni\u00f3 2020 ut\u00e1n jelent\u0151sen \u00e1talak\u00edtja p\u00e1ly\u00e1zati rendszer\u00e9t, aminek eredm\u00e9nyek\u00e9nt a k\u00f6vetkez\u0151 \u00e9vtizedt\u0151l a v\u00e1llalkoz\u00e1sok a kor\u00e1bbin\u00e1l j\u00f3val kevesebb vissza nem t\u00e9r\u00edtend\u0151 EU-s forr\u00e1sokhoz juthatnak hozz\u00e1, p\u00e1rhuzamosan n\u00f6velve a p\u00e9nz\u00fcgyi eszk\u00f6z\u00f6k (kock\u00e1zati t\u0151ke, hitel, garancia) ar\u00e1ny\u00e1t.<\/strong><\/p>\n<p>Nemr\u00e9g a <a href=\"https:\/\/forbes.hu\/penz\/kifuto-eu-s-forrasok-juniusra-elfogynak-a-vallalati-fejlesztesi-penzek\/\" target=\"_blank\" rel=\"noopener nofollow\">Forbes<\/a> is besz\u00e1molt arr\u00f3l, hogy ak\u00e1r m\u00e1r 2018 j\u00fanius\u00e1ban elapadhatnak az EU-s forr\u00e1sok, hely\u00fcket pedig v\u00e1rhat\u00f3an a kock\u00e1zati t\u0151ke \u00e9s a bankhitelek veszik \u00e1t. A l\u00e9p\u00e9s c\u00e9lja, hogy a visszat\u00e9r\u00edtend\u0151 forr\u00e1sok (hitel, kombin\u00e1lt hitel, kock\u00e1zati t\u0151ke) multiplik\u00e1tor hat\u00e1s\u00e1nak kihaszn\u00e1l\u00e1s\u00e1val m\u00e9g t\u00f6bb v\u00e1llalkoz\u00e1sfejleszt\u00e9sbe fektethet\u0151 forr\u00e1s forogjon az egyes nemzetgazdas\u00e1gokban, \u00edgy Magyarorsz\u00e1gon is. Az idei utols\u00f3 innov\u00e1ci\u00f3s p\u00e1ly\u00e1zat hat\u00e1ridej\u00e9t m\u00e1jusra tolt\u00e1k, n\u00e9zz\u00fck kinek \u00e9rdemes m\u00e9g p\u00e1ly\u00e1znia!<\/p>\n<p>Id\u00e9n janu\u00e1rban az al\u00e1bbi h\u00e1rom innov\u00e1ci\u00f3s p\u00e1ly\u00e1zatot \u00edrt\u00e1k ki:<\/p>\n<ul>\n<li>versenyk\u00e9pess\u00e9gi \u00e9s kiv\u00e1l\u00f3s\u00e1gi egy\u00fcttm\u0171k\u00f6d\u00e9sek p\u00e1ly\u00e1zat &#8211; lead\u00e1si hat\u00e1rideje febru\u00e1r v\u00e9g\u00e9n volt<\/li>\n<li>mikro- \u00e9s kisv\u00e1llalkoz\u00e1sok innov\u00e1ci\u00f3s tev\u00e9kenys\u00e9g\u00e9nek t\u00e1mogat\u00e1s\u00e1val kapcsolatos p\u00e1ly\u00e1zat \u2013 lead\u00e1si hat\u00e1rideje m\u00e1rcius k\u00f6zep\u00e9n volt<\/li>\n<li>GINOP-2.1.2. Innov\u00e1ci\u00f3s\u00a0p\u00e1ly\u00e1zat \u2013 lead\u00e1si hat\u00e1ridej\u00e9t m\u00f3dos\u00edtott\u00e1k m\u00e1jus v\u00e9g\u00e9re.<\/li>\n<\/ul>\n<p>Jelenleg teh\u00e1t ut\u00f3bbira m\u00e9g lehet jelentkezni, a konvergencia r\u00e9gi\u00f3kban, azaz a Pest megy\u00e9n k\u00edv\u00fcli ter\u00fcleteken el\u00e9rhet\u0151 p\u00e1ly\u00e1zat szab\u00e1lyai azonban nagy m\u00e9rt\u00e9kben szigorodtak. A t\u00e1mogat\u00e1sra m\u00e1sf\u00e9l \u00e9ve lehet jelentkezni, de a p\u00e1ly\u00e1z\u00f3k a mai napig nem tudt\u00e1k kihaszn\u00e1lni a 120 milli\u00e1rd forintos keretet. A t\u00e1mogat\u00e1s harmada k\u00f6lthet\u0151 csak beruh\u00e1z\u00e1sra, emellett pedig a projektekre elk\u00f6lthet\u0151 munkab\u00e9rek \u00f6sszege is szab\u00e1lyozva van a p\u00e1ly\u00e1z\u00f3 besz\u00e1mol\u00f3j\u00e1ban szerepl\u0151 \u00f6sszeghez viszony\u00edtva.\u00a0 Az eddigi 500 jelentkez\u0151 k\u00f6z\u00fcl \u00e1prilis k\u00f6zep\u00e9ig 33 nyertest hirdettek.\u00a0 A p\u00e1ly\u00e1zatra a ki\u00edr\u00e1st t\u00f6bbsz\u00f6r is meghosszabb\u00edtott\u00e1k m\u00e1r, a jelenlegi bead\u00e1si hat\u00e1rid\u0151 m\u00e1jus 31.<\/p>\n<p>Ezen k\u00edv\u00fcl lehet m\u00e9g jelentkezni a 2018-1.1.2-KFI\u00a0innov\u00e1ci\u00f3s p\u00e1ly\u00e1zatra is. Ez a p\u00e1ly\u00e1zat az innov\u00e1ci\u00f3t, innovat\u00edv fejleszt\u00e9seket finansz\u00edrozza a k\u00f6zponti r\u00e9gi\u00f3ban, teh\u00e1t a f\u0151v\u00e1rosban \u00e9s Pest megy\u00e9ben. A teljes keret 20 milli\u00e1rd forint, azonban az eddigi tapasztalatok alapj\u00e1n legal\u00e1bb k\u00e9t-h\u00e1romszoros t\u00faljegyz\u00e9ssel sz\u00e1molnak. Azok a v\u00e1llalkoz\u00e1sok lehetnek es\u00e9lyes p\u00e1ly\u00e1z\u00f3k, amelyek legal\u00e1bb 200 milli\u00f3 forintos saj\u00e1t t\u0151k\u00e9vel rendelkeznek.<\/p>\n<p>[post_newsletter title=&#8221;Iratkozzon fel h\u00edrlevel\u00fcnkre!&#8221;][\/post_newsletter]<\/p>\n<p>A Sz\u00e9chenyi 2020 program ideje alatt el\u00e9rhet\u0151 p\u00e1ly\u00e1zati finansz\u00edroz\u00e1sok olyan v\u00e1llalkoz\u00e1sok sz\u00e1m\u00e1ra is lehet\u0151s\u00e9get ny\u00fajtanak, amelyek \u00f6ner\u0151b\u0151l nem tudn\u00e1k elind\u00edtani projektjeiket. A t\u00e1mogat\u00e1sok felhaszn\u00e1l\u00e1s\u00e1nak k\u00f6re azonban jellemz\u0151en behat\u00e1rolt, valamint gyakran nem a v\u00e1llalkoz\u00e1s n\u00f6veked\u00e9s\u00e9hez sz\u00fcks\u00e9ges beruh\u00e1z\u00e1sokat t\u00e1mogatja, a megp\u00e1ly\u00e1zott \u00f6sszeg jellemz\u0151en r\u00f6vid t\u00e1von tud hasznosulni.<\/p>\n<p>Ezzel szemben az Eur\u00f3pai Uni\u00f3 <a href=\"https:\/\/szta.hu\/nem-lesz-mindig-ennyi-palyazati-forras-mire-keszuljenek-a-cegek-2020-utan\/\" target=\"_blank\" rel=\"noopener nofollow\">2020 ut\u00e1n<\/a> azon kihelyezend\u0151 p\u00e9nz\u00fcgyi \u00f6sszegek ar\u00e1ny\u00e1t \u00e9s \u00e9rt\u00e9k\u00e9t k\u00edv\u00e1nja n\u00f6velni, amelyek visszafizet\u00e9se a v\u00e1llalkoz\u00e1sok p\u00e9nz\u00fcgyi strat\u00e9gi\u00e1j\u00e1nak alapos kidolgoz\u00e1s\u00e1t \u00e9s megval\u00f3s\u00edt\u00e1s\u00e1t k\u00f6veteli meg. Fontos szempont m\u00e9g az is, hogy a visszat\u00e9r\u00edtend\u0151 forr\u00e1sok a v\u00e1llalkoz\u00e1sb\u0151v\u00edt\u00e9si c\u00e9l el\u00e9r\u00e9se \u00e9s a forr\u00e1sok visszafizet\u00e9se ut\u00e1n \u00fajra kihelyezhet\u0151v\u00e9 v\u00e1lnak m\u00e1s v\u00e1llalkoz\u00e1sok sz\u00e1m\u00e1ra, \u00edgy egyazon egys\u00e9gnyi t\u0151keforr\u00e1s t\u00f6bb fejleszt\u00e9st tud t\u00e1mogatni hosszabb t\u00e1von.<\/p>\n<p>&nbsp;<\/p>\n<p>&nbsp;<\/p>\n","protected":false},"featured_media":8221,"template":"","class_list":["post-8171","blog","type-blog","status-publish","has-post-thumbnail","hentry"],"acf":[],"_links":{"self":[{"href":"https:\/\/www.szta.hu\/en\/wp-json\/wp\/v2\/blog\/8171","targetHints":{"allow":["GET"]}}],"collection":[{"href":"https:\/\/www.szta.hu\/en\/wp-json\/wp\/v2\/blog"}],"about":[{"href":"https:\/\/www.szta.hu\/en\/wp-json\/wp\/v2\/types\/blog"}],"wp:featuredmedia":[{"embeddable":true,"href":"https:\/\/www.szta.hu\/en\/wp-json\/"}],"wp:attachment":[{"href":"https:\/\/www.szta.hu\/en\/wp-json\/wp\/v2\/media?parent=8171"}],"curies":[{"name":"wp","href":"https:\/\/api.w.org\/{rel}","templated":true}]}}