{"id":8601,"date":"2018-07-05T10:02:21","date_gmt":"2018-07-05T10:02:21","guid":{"rendered":"http:\/\/www.blog.sztateszt.7digits.net\/?post_type=blog&amp;p=8601"},"modified":"2018-07-05T10:02:21","modified_gmt":"2018-07-05T10:02:21","slug":"juliusban-megnyilik-a-hatalmas-millenaris-startup-campus","status":"publish","type":"blog","link":"https:\/\/www.szta.hu\/en\/blog\/juliusban-megnyilik-a-hatalmas-millenaris-startup-campus\/","title":{"rendered":"J\u00faliusban megny\u00edlik a hatalmas Millen\u00e1ris Startup Campus"},"content":{"rendered":"<p><img fetchpriority=\"high\" decoding=\"async\" class=\"alignleft size-medium wp-image-8681\" src=\"https:\/\/szta.hu\/wp-content\/uploads\/2018\/07\/L1006885-640x426-300x200.jpg\" alt=\"\" width=\"300\" height=\"200\" \/><strong>Az utols\u00f3 sim\u00edt\u00e1sokat v\u00e9gzik a Millen\u00e1ris Startup Campuson, amely K\u00f6z\u00e9p-Kelet Eur\u00f3pa egyik legnagyobb k\u00f6z\u00f6ss\u00e9gi irod\u00e1jak\u00e9nt nyitja meg kapuit hamarosan a hazai startupok, innovat\u00edv v\u00e1llalkoz\u00e1sok, szabad\u00fasz\u00f3k, valami<\/strong><strong>nt a vel\u00fck egy\u00fcttm\u0171k\u00f6d\u0151 nagyv\u00e1llalatok el\u0151tt. N\u00e9zz\u00fck, hogy mire sz\u00e1m\u00edthatnak azok, akik \u00e9ln\u00e9nek a k\u00f6z\u00f6ss\u00e9gi iroda \u00e1ltal ny\u00fajtotta lehet\u0151s\u00e9gekkel!\u00a0 <\/strong><\/p>\n<p>A Millen\u00e1ris Startup Campus 180 munkaasztallal, 1500 f\u0151s rendezv\u00e9nyteremmel, 100 f\u0151s el\u0151ad\u00f3teremmel, 2 szemin\u00e1riumteremmel, 24 irod\u00e1val \u00e9s t\u00e1rgyal\u00f3val v\u00e1rja a hazai startup-szc\u00e9na szerepl\u0151it.<\/p>\n<p>A <a href=\"https:\/\/forbes.hu\/a-jo-elet\/millenaris-startup-campus-2018\/\" target=\"_blank\" rel=\"noopener nofollow\">Forbes<\/a> j\u00f3volt\u00e1b\u00f3l exkluz\u00edv betekint\u00e9st kaphatunk a j\u00faliusban deb\u00fct\u00e1l\u00f3 irodakomplexumba, ahol a hatalmas bels\u0151 terek mellett sz\u00e1mos inspir\u00e1l\u00f3, kreat\u00edv megold\u00e1s v\u00e1rja az \u00e9rdekl\u0151d\u0151 v\u00e1llalkoz\u00e1sokat. A k\u00f6z\u00f6ss\u00e9gi irod\u00e1t \u00fasz\u00f3asztalokkal, napoz\u00f3\u00e1gyakkal, lebeg\u0151 kont\u00e9nerekkel \u00e9s m\u00e9g sz\u00e1mos hasonl\u00f3 innovat\u00edv \u00f6tlettel t\u00f6lt\u00f6tt\u00e9k fel, az al\u00e1bbiakban pedig a campus legmodernebb coworking megold\u00e1sait emelt\u00fck ki.<\/p>\n<p>N\u00e9mi hasonl\u00f3s\u00e1g mutatkozik a p\u00e1rizsi Station F-fel, a vil\u00e1g legnagyobb startupinkub\u00e1torak\u00e9nt tev\u00e9kenyked\u0151 irodakomplexummal. Ugyanakkor a Millen\u00e1ris Startup Campus nem k\u00edv\u00e1n inkub\u00e1tork\u00e9nt m\u0171k\u00f6dni, kiz\u00e1r\u00f3lag befogad\u00f3helyk\u00e9nt funkcion\u00e1l. A lebeg\u0151 irod\u00e1k mellett pedig kiv\u00e1l\u00f3 hangszigetel\u00e9s\u0171, \u00fcvegkalitk\u00e1ra eml\u00e9keztet\u0151 t\u00e1rgyal\u00f3k is b\u00e9relhet\u0151k.<\/p>\n<p><img decoding=\"async\" class=\"aligncenter\" src=\"https:\/\/forbes.hu\/wp-content\/uploads\/2018\/06\/L1006852-640x426.jpg\" \/><\/p>\n<p style=\"text-align: center;\"><em>Fot\u00f3: Sebesty\u00e9n L\u00e1szl\u00f3 \/ Forbes<\/em><\/p>\n<p><img decoding=\"async\" class=\"aligncenter\" src=\"https:\/\/forbes.hu\/wp-content\/uploads\/2018\/06\/L1006826-640x426.jpg\" \/><\/p>\n<p style=\"text-align: center;\"><em>Fot\u00f3: Sebesty\u00e9n L\u00e1szl\u00f3 \/ Forbes<\/em><\/p>\n<p><img decoding=\"async\" class=\"aligncenter\" src=\"https:\/\/forbes.hu\/wp-content\/uploads\/2018\/06\/L1006885-640x426.jpg\" \/><\/p>\n<p style=\"text-align: center;\"><em>Fot\u00f3: Sebesty\u00e9n L\u00e1szl\u00f3 \/ Forbes<\/em><\/p>\n<p><img decoding=\"async\" class=\"aligncenter\" src=\"https:\/\/forbes.hu\/wp-content\/uploads\/2018\/06\/L1006838-640x426.jpg\" \/><\/p>\n<p style=\"text-align: center;\"><em>Fot\u00f3: Sebesty\u00e9n L\u00e1szl\u00f3 \/ Forbes<\/em><\/p>\n<p>Az campus tov\u00e1bbi nagy el\u0151nye, hogy \u00fan. \u00fasz\u00f3asztalok is b\u00e9relhet\u0151k, ak\u00e1r egy napra is &#8211; ez a megold\u00e1s legink\u00e1bb a szabad\u00fasz\u00f3knak lehet ide\u00e1lis. A k\u00f6z\u00f6ss\u00e9gi irod\u00e1t \u00fagy alak\u00edtott\u00e1k ki, hogy a kib\u00e9relhet\u0151 asztalok mellett ak\u00e1r el\u0151ad\u00e1sok, konferenci\u00e1k helysz\u00edn\u00e9\u00fcl is szolg\u00e1lhasson, \u00edgy a campuson helyet kapott egy nagyj\u00e1b\u00f3l 100 f\u0151 befogad\u00e1s\u00e1ra alkalmas el\u0151ad\u00f3terem is, amelynek tervez\u00e9sekor a modern diz\u00e1jnt a v\u00e1ltozatos sz\u00ednek biztos\u00edtj\u00e1k.<\/p>\n<p>[post_newsletter title=&#8221;Iratkozzon fel h\u00edrlevel\u00fcnkre!&#8221;][\/post_newsletter]<\/p>\n<p><img decoding=\"async\" class=\"aligncenter\" src=\"https:\/\/forbes.hu\/wp-content\/uploads\/2018\/06\/L1006869-640x426.jpg\" \/><\/p>\n<p style=\"text-align: center;\"><em>Fot\u00f3: Sebesty\u00e9n L\u00e1szl\u00f3 \/ Forbes<\/em><\/p>\n<p>A startupok sikeres elindul\u00e1s\u00e1t \u00e9s hossz\u00fa t\u00e1v\u00fa eredm\u00e9nyes m\u0171k\u00f6d\u00e9s\u00e9t sz\u00e1mos k\u00fcls\u0151 t\u00e9nyez\u0151 befoly\u00e1solhatja; a Millen\u00e1ris Startup Campus \u00e9s az ehhez hasonl\u00f3 k\u00f6z\u00f6ss\u00e9gi terek kialak\u00edt\u00e1sa azonban a hazai startup \u00f6kosziszt\u00e9ma meger\u0151s\u00edt\u00e9s\u00e9nek fontos l\u00e9p\u00e9se lehet, amely \u00f6n\u00e1ll\u00f3 munka\u00e1llom\u00e1sk\u00e9nt \u00e9s tal\u00e1lkoz\u00f3pontk\u00e9nt is szolg\u00e1lhat a startupok \u00e9s az \u00fczleti partnereik sz\u00e1m\u00e1ra. A startupok sikeres m\u0171k\u00f6d\u00e9s\u00e9hez sz\u00fcks\u00e9ges t\u00e9nyez\u0151kr\u0151l kor\u00e1bban m\u00e1r sz\u00e1mos alkalommal \u00edrtunk a blogon, p\u00e9ld\u00e1ul <a href=\"https:\/\/szta.hu\/hogyan-indulhatnak-el-a-magyar-startupok-a-vilagsiker-fele\/\" target=\"_blank\" rel=\"noopener nofollow\">ebben<\/a> a bejegyz\u00e9sben is.<\/p>\n","protected":false},"featured_media":8711,"template":"","class_list":["post-8601","blog","type-blog","status-publish","has-post-thumbnail","hentry"],"acf":[],"_links":{"self":[{"href":"https:\/\/www.szta.hu\/en\/wp-json\/wp\/v2\/blog\/8601","targetHints":{"allow":["GET"]}}],"collection":[{"href":"https:\/\/www.szta.hu\/en\/wp-json\/wp\/v2\/blog"}],"about":[{"href":"https:\/\/www.szta.hu\/en\/wp-json\/wp\/v2\/types\/blog"}],"wp:featuredmedia":[{"embeddable":true,"href":"https:\/\/www.szta.hu\/en\/wp-json\/"}],"wp:attachment":[{"href":"https:\/\/www.szta.hu\/en\/wp-json\/wp\/v2\/media?parent=8601"}],"curies":[{"name":"wp","href":"https:\/\/api.w.org\/{rel}","templated":true}]}}